{"id":4167,"date":"2018-12-19T11:18:08","date_gmt":"2018-12-19T11:18:08","guid":{"rendered":"https:\/\/moskito.es\/?p=4167\/"},"modified":"2024-02-20T12:07:29","modified_gmt":"2024-02-20T12:07:29","slug":"com-restaurar-i-deixar-el-parquet-com-a-nou","status":"publish","type":"post","link":"https:\/\/moskito.es\/ca\/com-restaurar-i-deixar-el-parquet-com-a-nou\/","title":{"rendered":"Com restaurar i deixar el\u00a0parquet\u00a0com a nou"},"content":{"rendered":"<p><span lang=\"CA\">El\u00a0Parquet\u00a0\u00e9s un paviment de fusta. Les fustes utilitzades s\u00f3n moltes i variades. El disseny i la decoraci\u00f3 van marcant tend\u00e8ncies. Fustes de roure, faig, aur\u00f3, cirerer,\u00a0jatoba,\u00a0tal\u00ed \/ elondo, noguera, pi\u2026 que antigament eren s\u00f2ls de fusta molt comunes en zones de fred, s&#8217;han convertit en l&#8217;actualitat en opcions decoratives molt esteses<\/span>.<!--more--><\/p>\n<p>A m\u00e9s de la seva bellesa i confort, el\u00a0parquet\u00a0\u00e9s un dels pocs paviments realment recuperables. Com en tots els materials, el pas del temps i el seu \u00fas continuat acaben provocant un desgast, que, en el cas d&#8217;aquests s\u00f2ls de fusta, es pot solucionar i deixar el\u00a0parquet\u00a0com a nou.<\/p>\n<p>Tant tarimes com\u00a0parquet\u00a0s\u00f3n peces massisses de fusta que ens permeten l&#8217;escatat, acoltellat, poliment, vernissat i restaurat, ja sigui en interiors com en exteriors. Despr\u00e9s d&#8217;un \u00fas intens o prolongat en el temps, <strong>\u00e9s possible restaurar el s\u00f2l de\u00a0parquet\u00a0<\/strong>i recuperar la bellesa i eleg\u00e0ncia inicial.\u00a0Aquest temps sol oscil\u00b7lar entre 10 i 20 anys, depenent de la duresa de la fusta, qualitat del vern\u00eds i \u00fas. Si amb el pas del temps els s\u00f2ls de fusta es raguin, es taquen o es deterioren, <strong>per a poder deixar el\u00a0parquet\u00a0com a nou<\/strong>ha de mantenir un m\u00ednim de capa d&#8217;\u00fas d&#8217;aproximadament 2,5 mm. No hem de confondre els s\u00f2ls de fusta amb altres tipus de paviments que no permeten cap mena de reparaci\u00f3: laminatges, xapes de fusta o vinils.<\/p>\n<h2><strong>Com polir el\u00a0parquet<\/strong><\/h2>\n<p>\u00c9s important, si ens decidim a polir el nostre s\u00f2l de fusta, trobar un professional de confian\u00e7a i, sobretot, que ens ofereixi garanties. <strong>El proc\u00e9s de poliment del\u00a0parquet\u00a0requereix experi\u00e8ncia i coneixements espec\u00edfics<\/strong>, a m\u00e9s de maquin\u00e0ria. Avui dia existeixen en les xarxes socials <strong>tutorials de com polir el\u00a0parquet\u00a0un mateix<\/strong>, per\u00f2 la veritat \u00e9s que aquesta tasca \u00e9s una de les fases m\u00e9s complexes i delicades en el manteniment dels s\u00f2ls de fusta. Per aix\u00f2, com a professionals en la instal\u00b7laci\u00f3 i manteniment de s\u00f2ls de fusta, la qual cosa en primer lloc hem de fer \u00e9s aconsellar al consumidor que delegui aquesta responsabilitat en alg\u00fa amb la suficient experi\u00e8ncia. Una mala restauraci\u00f3 pot espatllar un\u00a0parquet\u00a0de manera irremeiable.<\/p>\n<p><strong>Els professionals del\u00a0parquet\u00a0acostumem primer passar la m\u00e0quina per a polir\u00a0parquet<\/strong>\u00a0amb les diferents numeracions d&#8217;escates 30, 60, 120, 220 i, depenent del tipus de\u00a0parquet\u00a0i de la seva col\u00b7locaci\u00f3, utilitzem diferents t\u00e8cniques perqu\u00e8 la fusta quedi ben preparada per a ser vernissada o oliada posteriorment.<\/p>\n<p>Les fregadores actuals recullen les serradures, per\u00f2 se&#8217;ls escapa la pols. <strong>Nom\u00e9s estan permeses m\u00e0quines fregadores amb sistema d&#8217;absorci\u00f3 de pols no inferior a 2 mg\/m3 aire.<\/strong>Si no s&#8217;usa m\u00e0quina de polir\u00a0parquet\u00a0amb bossa d&#8217;absorci\u00f3 de pols, quan es vagi a escombrar o aspirar per eliminar la pols s&#8217;ha d&#8217;utilitzar mascareta. Tant en s\u00f2ls de fusta nous com en els vells cal escatar abans de vernissar, de manera que s&#8217;eliminin els regruixos i s&#8217;obtingui una superf\u00edcie plana i afinada. En els s\u00f2ls de fusta vells s&#8217;han d&#8217;eliminar alhora els vernissos antics i la brut\u00edcia. El proc\u00e9s complet requereix un escalabornat inicial, un escatat intermedi i un poliment final amb un gra m\u00e9s fi. No s\u00f3n aconsellables grans extremadament fins ja que poden causar\u00a0delaminacions\u00a0del vern\u00eds quan hi ha temperatures elevades.<\/p>\n<h2><b><span lang=\"CA\">Com reparar desperfectes en la fusta<\/span><\/b><\/h2>\n<p><span lang=\"CA\">Abans passar a la fase de vernissat, els s\u00f2ls de fusta poden presentar petites esquerdes o desperfectes que abans d&#8217;escatar no es veien. \u00c9s necessari <b>reparar els desperfectes en la fusta emplenant amb massilles especials del mateix color de la fusta<\/b>de manera que no s&#8217;apreci\u00efn posteriorment difer\u00e8ncies.<\/span><\/p>\n<p>&nbsp;<\/p>\n<h2><b><span lang=\"CA\">Vernissat del\u00a0parquet\u00a0a l&#8217;aigua<\/span><\/b><\/h2>\n<p>Per a un bon acabat aconsellem donar una primera m\u00e0 de\u00a0imprimaci\u00f3\u00a0amb l&#8217;objectiu de tapar els porus i deixar la superf\u00edcie preparada per a donar-li la primera m\u00e0 d&#8217;acabat. Cal deixar passar unes 4-8 hores abans de donar una 2a m\u00e0, i una vegada passades unes 4 hores m\u00e9s \u00e9s quan la hi 3a m\u00e0 de vern\u00eds. Transcorregudes unes 12\/24 hores la fusta haur\u00e0 adquirit la duresa necess\u00e0ria per a poder trepitjar-la i gaudir-la com el primer dia.<\/p>\n<p>Actualment utilitzem <strong>vernissos a l&#8217;aigua per a\u00a0parquet.\u00a0<\/strong>S\u00f3n vernissos ecol\u00f2gics ja que qui\u00a0l&#8217;utilitza pot inc\u00f3rrer en una greu infracci\u00f3 i sanci\u00f3 per actuar contra la salut p\u00fablica.<\/p>\n<p>Gr\u00e0cies a la r\u00e0pida evoluci\u00f3 tecnol\u00f2gica, els vernissos han passat del vern\u00eds urea-formol, un producte molt t\u00f2xic i molt duro usat fins als finals dels 80, al vern\u00eds de poliuret\u00e0 al dissolvent procedent de la n\u00e0utica, un producte el\u00e0stic i resistent a l&#8217;abrasi\u00f3, per\u00f2 t\u00f2xic, usat fins fa uns pocs anys. El <strong>vern\u00eds de poliuret\u00e0 a l&#8217;aigua per a fusta<\/strong>que utilitzem en l&#8217;actualitat ofereix innombrables avantatges: \u00e9s el\u00e0stic, resistent, ecol\u00f2gic, ign\u00edfug&#8230; Avui dia ja no hem de fer olor res en entrar a un pis recentment vernissat!<br \/>\nS&#8217;apliquen normalment entre 2 i 3 capes depenent del fabricant de vern\u00eds i de l&#8217;acabat que busquem. La primera m\u00e0 sol ser una\u00a0imprimaci\u00f3 per a tapar porus, per\u00f2 es pot usar el vern\u00eds d&#8217;acabat, una mica m\u00e9s car, per\u00f2 que deixa un acabat m\u00e9s natural i no esgrogueeix.<\/p>\n<p>El <strong>vern\u00eds a l&#8217;aigua t\u00e9 un assecat m\u00e9s r\u00e0pid<\/strong>que els antics vernissos al dissolvent, encara que \u00e9s bo deixar passar unes 4 hores entre m\u00e0 i m\u00e0. Els acabats finals assequen realment r\u00e0pids, en 12 hores podr\u00edem estar transitant sense risc. Com m\u00e9s temps passa m\u00e9s duresa agafa el vern\u00eds, amb unes 24 hores podem obtenir un 85-90% de la seva duresa, adquirint la duresa m\u00e0xima passats 7 dies.<br \/>\nTots els vernissos poden ser amb diferent tipus de lluentor. Antigament es deia que com m\u00e9s lluentor, m\u00e9s duresa. Amb els vernissos actuals aix\u00f2 ja no passa ja que la majoria s\u00f3n de dos components i \u00e9s aquest 2n component el que genera qu\u00edmicament la duresa. Fins i tot comencen a apar\u00e8ixer vernissos buf\u00f3 components realment efica\u00e7os.<br \/>\nD&#8217;altra banda, tenim els vernissos UV capa\u00e7os de catalitzar mitjan\u00e7ant la llum ultraviolada, igual que un empastament dental, assecant al moment i aconseguint una duresa molt alta. Aquest sistema no \u00e9s molt popular a causa de l&#8217;alt cost de la maquin\u00e0ria UV. Per\u00f2 si \u00e9s el que s&#8217;acostumen a utilitzar a les f\u00e0briques, ja que aconseguir l&#8217;assecat en menor temps beneficia la log\u00edstica del producte acabat, podent empaquetar el\u00a0parquet despr\u00e9s del seu vernissat, tot un avantatge per als processos de fabricaci\u00f3 en s\u00e8rie. A m\u00e9s, el vern\u00eds UV posseeix un excel\u00b7lent filtre solar i una bona resist\u00e8ncia a les agressions qu\u00edmiques.<\/p>\n<p><span lang=\"CA\">Si vols <b>restaurar i deixar el teu\u00a0parquet\u00a0com a nou<\/b>et convidem a contactar amb el nostre <b><u><a href=\"https:\/\/moskito.es\/ca\/contacte\/\" rel=\"nofollow\">servei de reparaci\u00f3 i restauraci\u00f3 de\u00a0parquets\u00a0a Barcelona.<\/a><br \/>\n<\/u><\/b><\/span><\/p>\n<p>&nbsp;<\/p>\n","protected":false},"excerpt":{"rendered":"<p>El\u00a0Parquet\u00a0\u00e9s un paviment de fusta. Les fustes utilitzades s\u00f3n moltes i variades. El disseny i la decoraci\u00f3 van marcant tend\u00e8ncies. Fustes de roure, faig, aur\u00f3, cirerer,\u00a0jatoba,\u00a0tal\u00ed \/ elondo, noguera, pi\u2026 que antigament eren s\u00f2ls de fusta molt comunes en zones de fred, s&#8217;han convertit en l&#8217;actualitat en opcions decoratives molt esteses.<\/p>\n","protected":false},"author":2,"featured_media":4173,"comment_status":"closed","ping_status":"closed","sticky":false,"template":"","format":"standard","meta":{"footnotes":""},"categories":[],"tags":[],"class_list":["post-4167","post","type-post","status-publish","format-standard","has-post-thumbnail","hentry"],"yoast_head":"<!-- This site is optimized with the Yoast SEO plugin v28.3 - https:\/\/yoast.com\/product\/yoast-seo-wordpress\/ -->\n<title>Com restaurar i deixar el\u00a0parquet\u00a0com a nou\u2028<\/title>\n<meta name=\"description\" content=\"Si et preguntes com restaurar i deixar el\u00a0parquet\u00a0com a nou t&#039;expliquem l&#039;art de polir el\u00a0parquet, reparar desperfectes en la fusta i vernissat a l&#039;aigua\u2028\" \/>\n<meta name=\"robots\" content=\"index, follow, max-snippet:-1, max-image-preview:large, max-video-preview:-1\" \/>\n<link rel=\"canonical\" href=\"https:\/\/moskito.es\/ca\/wp-json\/wp\/v2\/posts\/4167\" \/>\n<meta property=\"og:locale\" content=\"ca_ES\" \/>\n<meta property=\"og:type\" content=\"article\" \/>\n<meta property=\"og:title\" content=\"Com restaurar i deixar el\u00a0parquet\u00a0com a nou\u2028\" \/>\n<meta property=\"og:description\" content=\"Si et preguntes com restaurar i deixar el\u00a0parquet\u00a0com a nou t&#039;expliquem l&#039;art de polir el\u00a0parquet, reparar desperfectes en la fusta i vernissat a l&#039;aigua\u2028\" \/>\n<meta property=\"og:url\" content=\"https:\/\/moskito.es\/ca\/com-restaurar-i-deixar-el-parquet-com-a-nou\/\" \/>\n<meta property=\"og:site_name\" content=\"Moskito Parquets\" \/>\n<meta property=\"article:published_time\" content=\"2018-12-19T11:18:08+00:00\" \/>\n<meta property=\"article:modified_time\" content=\"2024-02-20T12:07:29+00:00\" \/>\n<meta property=\"og:image\" content=\"https:\/\/moskito.es\/wp-content\/uploads\/2018\/12\/Parquets-Moskito-Barcelona-como-pulir-el-parquet-4.jpg\" \/>\n\t<meta property=\"og:image:width\" content=\"1088\" \/>\n\t<meta property=\"og:image:height\" content=\"726\" \/>\n\t<meta property=\"og:image:type\" content=\"image\/jpeg\" \/>\n<meta name=\"author\" content=\"Xavi Font\" \/>\n<!-- \/ Yoast SEO plugin. -->","yoast_head_json":{"title":"Com restaurar i deixar el\u00a0parquet\u00a0com a nou\u2028","description":"Si et preguntes com restaurar i deixar el\u00a0parquet\u00a0com a nou t'expliquem l'art de polir el\u00a0parquet, reparar desperfectes en la fusta i vernissat a l'aigua\u2028","robots":{"index":"index","follow":"follow","max-snippet":"max-snippet:-1","max-image-preview":"max-image-preview:large","max-video-preview":"max-video-preview:-1"},"canonical":"https:\/\/moskito.es\/ca\/wp-json\/wp\/v2\/posts\/4167","og_locale":"ca_ES","og_type":"article","og_title":"Com restaurar i deixar el\u00a0parquet\u00a0com a nou\u2028","og_description":"Si et preguntes com restaurar i deixar el\u00a0parquet\u00a0com a nou t'expliquem l'art de polir el\u00a0parquet, reparar desperfectes en la fusta i vernissat a l'aigua\u2028","og_url":"https:\/\/moskito.es\/ca\/com-restaurar-i-deixar-el-parquet-com-a-nou\/","og_site_name":"Moskito Parquets","article_published_time":"2018-12-19T11:18:08+00:00","article_modified_time":"2024-02-20T12:07:29+00:00","og_image":[{"width":1088,"height":726,"url":"https:\/\/moskito.es\/wp-content\/uploads\/2018\/12\/Parquets-Moskito-Barcelona-como-pulir-el-parquet-4.jpg","type":"image\/jpeg"}],"author":"Xavi Font","schema":{"@context":"https:\/\/schema.org","@graph":[{"@type":"Article","@id":"https:\/\/moskito.es\/ca\/com-restaurar-i-deixar-el-parquet-com-a-nou\/#article","isPartOf":{"@id":"https:\/\/moskito.es\/ca\/com-restaurar-i-deixar-el-parquet-com-a-nou\/"},"author":{"name":"Xavi Font","@id":"https:\/\/moskito.es\/ca\/#\/schema\/person\/8e9130882b0c880c20c0bba26ea357d7"},"headline":"Com restaurar i deixar el\u00a0parquet\u00a0com a nou","datePublished":"2018-12-19T11:18:08+00:00","dateModified":"2024-02-20T12:07:29+00:00","mainEntityOfPage":{"@id":"https:\/\/moskito.es\/ca\/com-restaurar-i-deixar-el-parquet-com-a-nou\/"},"wordCount":1229,"publisher":{"@id":"https:\/\/moskito.es\/ca\/#organization"},"image":{"@id":"https:\/\/moskito.es\/ca\/com-restaurar-i-deixar-el-parquet-com-a-nou\/#primaryimage"},"thumbnailUrl":"https:\/\/moskito.es\/wp-content\/uploads\/2018\/12\/Parquets-Moskito-Barcelona-como-pulir-el-parquet-4.jpg","inLanguage":"ca"},{"@type":"WebPage","@id":"https:\/\/moskito.es\/ca\/com-restaurar-i-deixar-el-parquet-com-a-nou\/","url":"https:\/\/moskito.es\/ca\/com-restaurar-i-deixar-el-parquet-com-a-nou\/","name":"Com restaurar i deixar el\u00a0parquet\u00a0com a nou\u2028","isPartOf":{"@id":"https:\/\/moskito.es\/ca\/#website"},"primaryImageOfPage":{"@id":"https:\/\/moskito.es\/ca\/com-restaurar-i-deixar-el-parquet-com-a-nou\/#primaryimage"},"image":{"@id":"https:\/\/moskito.es\/ca\/com-restaurar-i-deixar-el-parquet-com-a-nou\/#primaryimage"},"thumbnailUrl":"https:\/\/moskito.es\/wp-content\/uploads\/2018\/12\/Parquets-Moskito-Barcelona-como-pulir-el-parquet-4.jpg","datePublished":"2018-12-19T11:18:08+00:00","dateModified":"2024-02-20T12:07:29+00:00","description":"Si et preguntes com restaurar i deixar el\u00a0parquet\u00a0com a nou t'expliquem l'art de polir el\u00a0parquet, reparar desperfectes en la fusta i vernissat a l'aigua\u2028","breadcrumb":{"@id":"https:\/\/moskito.es\/ca\/com-restaurar-i-deixar-el-parquet-com-a-nou\/#breadcrumb"},"inLanguage":"ca","potentialAction":[{"@type":"ReadAction","target":["https:\/\/moskito.es\/ca\/com-restaurar-i-deixar-el-parquet-com-a-nou\/"]}]},{"@type":"ImageObject","inLanguage":"ca","@id":"https:\/\/moskito.es\/ca\/com-restaurar-i-deixar-el-parquet-com-a-nou\/#primaryimage","url":"https:\/\/moskito.es\/wp-content\/uploads\/2018\/12\/Parquets-Moskito-Barcelona-como-pulir-el-parquet-4.jpg","contentUrl":"https:\/\/moskito.es\/wp-content\/uploads\/2018\/12\/Parquets-Moskito-Barcelona-como-pulir-el-parquet-4.jpg","width":1088,"height":726,"caption":"Mosquito Parquet Barcelona: Pulir el parquet, el proceso de pulido del parquet requiere experiencia y conocimientos espec\u00edficos"},{"@type":"BreadcrumbList","@id":"https:\/\/moskito.es\/ca\/com-restaurar-i-deixar-el-parquet-com-a-nou\/#breadcrumb","itemListElement":[{"@type":"ListItem","position":1,"name":"Portada","item":"https:\/\/moskito.es\/ca\/"},{"@type":"ListItem","position":2,"name":"Com restaurar i deixar el\u00a0parquet\u00a0com a nou"}]},{"@type":"WebSite","@id":"https:\/\/moskito.es\/ca\/#website","url":"https:\/\/moskito.es\/ca\/","name":"Parquets Moskito","description":"Los mejores parquets de Barcelona","publisher":{"@id":"https:\/\/moskito.es\/ca\/#organization"},"potentialAction":[{"@type":"SearchAction","target":{"@type":"EntryPoint","urlTemplate":"https:\/\/moskito.es\/ca\/?s={search_term_string}"},"query-input":{"@type":"PropertyValueSpecification","valueRequired":true,"valueName":"search_term_string"}}],"inLanguage":"ca"},{"@type":"Organization","@id":"https:\/\/moskito.es\/ca\/#organization","name":"Mokito","url":"https:\/\/moskito.es\/ca\/","logo":{"@type":"ImageObject","inLanguage":"ca","@id":"https:\/\/moskito.es\/ca\/#\/schema\/logo\/image\/","url":"https:\/\/moskito.es\/wp-content\/uploads\/2016\/04\/logotipo.png","contentUrl":"https:\/\/moskito.es\/wp-content\/uploads\/2016\/04\/logotipo.png","width":151,"height":58,"caption":"Mokito"},"image":{"@id":"https:\/\/moskito.es\/ca\/#\/schema\/logo\/image\/"}},{"@type":"Person","@id":"https:\/\/moskito.es\/ca\/#\/schema\/person\/8e9130882b0c880c20c0bba26ea357d7","name":"Xavi Font","image":{"@type":"ImageObject","inLanguage":"ca","@id":"https:\/\/secure.gravatar.com\/avatar\/4674fac1a7eac08347b1d703376900567caced8dd704c2987c78dc37f20890ee?s=96&d=mm&r=g","url":"https:\/\/secure.gravatar.com\/avatar\/4674fac1a7eac08347b1d703376900567caced8dd704c2987c78dc37f20890ee?s=96&d=mm&r=g","contentUrl":"https:\/\/secure.gravatar.com\/avatar\/4674fac1a7eac08347b1d703376900567caced8dd704c2987c78dc37f20890ee?s=96&d=mm&r=g","caption":"Xavi Font"},"description":"Artesano del parquet. M\u00e1s de 15 a\u00f1os de experiencia en el mundo del parquet. Miembro de la Asociaci\u00f3n Catalana de Industriales del Parquet (ACIP) y de la Federaci\u00f3n Espa\u00f1ola de Pavimentos de Madera (FEPM).","sameAs":["https:\/\/moskito.es\/xavi-font\/"]}]}},"_links":{"self":[{"href":"https:\/\/moskito.es\/ca\/wp-json\/wp\/v2\/posts\/4167","targetHints":{"allow":["GET"]}}],"collection":[{"href":"https:\/\/moskito.es\/ca\/wp-json\/wp\/v2\/posts"}],"about":[{"href":"https:\/\/moskito.es\/ca\/wp-json\/wp\/v2\/types\/post"}],"author":[{"embeddable":true,"href":"https:\/\/moskito.es\/ca\/wp-json\/wp\/v2\/users\/2"}],"replies":[{"embeddable":true,"href":"https:\/\/moskito.es\/ca\/wp-json\/wp\/v2\/comments?post=4167"}],"version-history":[{"count":0,"href":"https:\/\/moskito.es\/ca\/wp-json\/wp\/v2\/posts\/4167\/revisions"}],"wp:featuredmedia":[{"embeddable":true,"href":"https:\/\/moskito.es\/ca\/wp-json\/wp\/v2\/media\/4173"}],"wp:attachment":[{"href":"https:\/\/moskito.es\/ca\/wp-json\/wp\/v2\/media?parent=4167"}],"wp:term":[{"taxonomy":"category","embeddable":true,"href":"https:\/\/moskito.es\/ca\/wp-json\/wp\/v2\/categories?post=4167"},{"taxonomy":"post_tag","embeddable":true,"href":"https:\/\/moskito.es\/ca\/wp-json\/wp\/v2\/tags?post=4167"}],"curies":[{"name":"wp","href":"https:\/\/api.w.org\/{rel}","templated":true}]}}