{"id":5001,"date":"2016-12-01T08:55:03","date_gmt":"2016-12-01T08:55:03","guid":{"rendered":"https:\/\/moskito.es\/?p=5001"},"modified":"2024-02-20T12:07:29","modified_gmt":"2024-02-20T12:07:29","slug":"benvinguts-al-nou-showroom-de-moskito-parquet","status":"publish","type":"post","link":"https:\/\/moskito.es\/ca\/benvinguts-al-nou-showroom-de-moskito-parquet\/","title":{"rendered":"Benvinguts al nou Showroom de Moskito parquet"},"content":{"rendered":"<p>Despr\u00e9s d&#8217;una exhaustiva recerca d&#8217;un nou local i molt esfor\u00e7 el tenim! Ens hem mudat i estrenem showroom en el cor del barri de Gr\u00e0cia, molt prop de la nostra anterior ubicaci\u00f3. Han estat uns mesos ben invertits per a trobar aquest espai especial i \u00fanic que represent\u00e9s la nostra ess\u00e8ncia artesana. I ho hem trobat en el nostre mateix barri. Un local m\u00e9s gran on podem atendre-us encara millor i mostrar-vos tots nostres parquets de sempre i tamb\u00e9 les \u00faltimes novetats i tend\u00e8ncies m\u00e9s actuals. Vine a con\u00e8ixer el <a href=\"https:\/\/moskito.es\/ca\/botiga-de-parquets-a-barcelona\/\"><strong>nou Showroom de Moskito<\/strong><\/a>\u00a0al carrer\u00a0<a href=\"https:\/\/www.google.com\/maps\/place\/Moskito+Parquet+y+Pavimentos\/@41.4056118,2.1545092,17z\/data=!3m1!4b1!4m5!3m4!1s0x12a4a2bc852b06bb:0x3731429020d2c699!8m2!3d41.4056118!4d2.1566979?hl=es-ES\" target=\"_blank\" rel=\"noopener\">Esgl\u00e9sia 4-10 3\u00baA-3\u00a008024 Barcelona<\/a>\u00a0 al costat de la pla\u00e7a de la Virreina. T&#8217;esperem!<\/p>\n<p><img decoding=\"async\" class=\"alignnone size-full wp-image-3212\" src=\"https:\/\/moskito.es\/wp-content\/uploads\/2016\/12\/moskito-parquet-showroom-barcelona.jpg\" alt=\"Moskito parquet Barcelona new showroom en Barcelona\" width=\"6286\" height=\"2304\" srcset=\"https:\/\/moskito.es\/wp-content\/uploads\/2016\/12\/moskito-parquet-showroom-barcelona-200x73.jpg 200w, https:\/\/moskito.es\/wp-content\/uploads\/2016\/12\/moskito-parquet-showroom-barcelona-300x110.jpg 300w, https:\/\/moskito.es\/wp-content\/uploads\/2016\/12\/moskito-parquet-showroom-barcelona-400x147.jpg 400w, https:\/\/moskito.es\/wp-content\/uploads\/2016\/12\/moskito-parquet-showroom-barcelona-600x220.jpg 600w, https:\/\/moskito.es\/wp-content\/uploads\/2016\/12\/moskito-parquet-showroom-barcelona-768x281.jpg 768w, https:\/\/moskito.es\/wp-content\/uploads\/2016\/12\/moskito-parquet-showroom-barcelona-800x293.jpg 800w, https:\/\/moskito.es\/wp-content\/uploads\/2016\/12\/moskito-parquet-showroom-barcelona-1024x375.jpg 1024w, https:\/\/moskito.es\/wp-content\/uploads\/2016\/12\/moskito-parquet-showroom-barcelona-1200x440.jpg 1200w, https:\/\/moskito.es\/wp-content\/uploads\/2016\/12\/moskito-parquet-showroom-barcelona.jpg 6286w\" sizes=\"(max-width: 6286px) 100vw, 6286px\" \/><\/p>\n<p>&nbsp;<\/p>\n","protected":false},"excerpt":{"rendered":"<p>Despr\u00e9s d&#8217;una exhaustiva recerca d&#8217;un nou local i molt esfor\u00e7 el tenim! Ens hem mudat i estrenem showroom en el cor del barri de Gr\u00e0cia, molt prop de la nostra anterior ubicaci\u00f3. Han estat uns mesos ben invertits per a trobar aquest espai especial i \u00fanic que represent\u00e9s la nostra ess\u00e8ncia artesana. I ho hem  [&#8230;]<\/p>\n","protected":false},"author":2,"featured_media":4209,"comment_status":"closed","ping_status":"closed","sticky":false,"template":"","format":"standard","meta":{"footnotes":""},"categories":[],"tags":[],"class_list":["post-5001","post","type-post","status-publish","format-standard","has-post-thumbnail","hentry"],"yoast_head":"<!-- This site is optimized with the Yoast SEO plugin v28.3 - https:\/\/yoast.com\/product\/yoast-seo-wordpress\/ -->\n<title>Benvinguts al nou Showroom de Moskito parquet<\/title>\n<meta name=\"description\" content=\"Despr\u00e9s una exhaustiva cerca d&#039;un nou local i molt esfor\u00e7 el tenim! Ens hem mudat i estrenem showroom en el cor del barri de Gr\u00e0cia\" \/>\n<meta name=\"robots\" content=\"index, follow, max-snippet:-1, max-image-preview:large, max-video-preview:-1\" \/>\n<link rel=\"canonical\" href=\"https:\/\/moskito.es\/ca\/wp-json\/wp\/v2\/posts\/5001\" \/>\n<meta property=\"og:locale\" content=\"ca_ES\" \/>\n<meta property=\"og:type\" content=\"article\" \/>\n<meta property=\"og:title\" content=\"Benvinguts al nou Showroom de Moskito parquet\" \/>\n<meta property=\"og:description\" content=\"Despr\u00e9s una exhaustiva cerca d&#039;un nou local i molt esfor\u00e7 el tenim! Ens hem mudat i estrenem showroom en el cor del barri de Gr\u00e0cia\" \/>\n<meta property=\"og:url\" content=\"https:\/\/moskito.es\/ca\/benvinguts-al-nou-showroom-de-moskito-parquet\/\" \/>\n<meta property=\"og:site_name\" content=\"Moskito Parquets\" \/>\n<meta property=\"article:published_time\" content=\"2016-12-01T08:55:03+00:00\" \/>\n<meta property=\"article:modified_time\" content=\"2024-02-20T12:07:29+00:00\" \/>\n<meta property=\"og:image\" content=\"https:\/\/moskito.es\/wp-content\/uploads\/2018\/12\/Moskito-parquets-Barcelona-tienda-02.jpg\" \/>\n\t<meta property=\"og:image:width\" content=\"1088\" \/>\n\t<meta property=\"og:image:height\" content=\"580\" \/>\n\t<meta property=\"og:image:type\" content=\"image\/jpeg\" \/>\n<meta name=\"author\" content=\"Xavi Font\" \/>\n<!-- \/ Yoast SEO plugin. -->","yoast_head_json":{"title":"Benvinguts al nou Showroom de Moskito parquet","description":"Despr\u00e9s una exhaustiva cerca d'un nou local i molt esfor\u00e7 el tenim! Ens hem mudat i estrenem showroom en el cor del barri de Gr\u00e0cia","robots":{"index":"index","follow":"follow","max-snippet":"max-snippet:-1","max-image-preview":"max-image-preview:large","max-video-preview":"max-video-preview:-1"},"canonical":"https:\/\/moskito.es\/ca\/wp-json\/wp\/v2\/posts\/5001","og_locale":"ca_ES","og_type":"article","og_title":"Benvinguts al nou Showroom de Moskito parquet","og_description":"Despr\u00e9s una exhaustiva cerca d'un nou local i molt esfor\u00e7 el tenim! Ens hem mudat i estrenem showroom en el cor del barri de Gr\u00e0cia","og_url":"https:\/\/moskito.es\/ca\/benvinguts-al-nou-showroom-de-moskito-parquet\/","og_site_name":"Moskito Parquets","article_published_time":"2016-12-01T08:55:03+00:00","article_modified_time":"2024-02-20T12:07:29+00:00","og_image":[{"width":1088,"height":580,"url":"https:\/\/moskito.es\/wp-content\/uploads\/2018\/12\/Moskito-parquets-Barcelona-tienda-02.jpg","type":"image\/jpeg"}],"author":"Xavi Font","schema":{"@context":"https:\/\/schema.org","@graph":[{"@type":"Article","@id":"https:\/\/moskito.es\/ca\/benvinguts-al-nou-showroom-de-moskito-parquet\/#article","isPartOf":{"@id":"https:\/\/moskito.es\/ca\/benvinguts-al-nou-showroom-de-moskito-parquet\/"},"author":{"name":"Xavi Font","@id":"https:\/\/moskito.es\/ca\/#\/schema\/person\/8e9130882b0c880c20c0bba26ea357d7"},"headline":"Benvinguts al nou Showroom de Moskito parquet","datePublished":"2016-12-01T08:55:03+00:00","dateModified":"2024-02-20T12:07:29+00:00","mainEntityOfPage":{"@id":"https:\/\/moskito.es\/ca\/benvinguts-al-nou-showroom-de-moskito-parquet\/"},"wordCount":130,"publisher":{"@id":"https:\/\/moskito.es\/ca\/#organization"},"image":{"@id":"https:\/\/moskito.es\/ca\/benvinguts-al-nou-showroom-de-moskito-parquet\/#primaryimage"},"thumbnailUrl":"https:\/\/moskito.es\/wp-content\/uploads\/2018\/12\/Moskito-parquets-Barcelona-tienda-02.jpg","inLanguage":"ca"},{"@type":"WebPage","@id":"https:\/\/moskito.es\/ca\/benvinguts-al-nou-showroom-de-moskito-parquet\/","url":"https:\/\/moskito.es\/ca\/benvinguts-al-nou-showroom-de-moskito-parquet\/","name":"Benvinguts al nou Showroom de Moskito parquet","isPartOf":{"@id":"https:\/\/moskito.es\/ca\/#website"},"primaryImageOfPage":{"@id":"https:\/\/moskito.es\/ca\/benvinguts-al-nou-showroom-de-moskito-parquet\/#primaryimage"},"image":{"@id":"https:\/\/moskito.es\/ca\/benvinguts-al-nou-showroom-de-moskito-parquet\/#primaryimage"},"thumbnailUrl":"https:\/\/moskito.es\/wp-content\/uploads\/2018\/12\/Moskito-parquets-Barcelona-tienda-02.jpg","datePublished":"2016-12-01T08:55:03+00:00","dateModified":"2024-02-20T12:07:29+00:00","description":"Despr\u00e9s una exhaustiva cerca d'un nou local i molt esfor\u00e7 el tenim! Ens hem mudat i estrenem showroom en el cor del barri de Gr\u00e0cia","breadcrumb":{"@id":"https:\/\/moskito.es\/ca\/benvinguts-al-nou-showroom-de-moskito-parquet\/#breadcrumb"},"inLanguage":"ca","potentialAction":[{"@type":"ReadAction","target":["https:\/\/moskito.es\/ca\/benvinguts-al-nou-showroom-de-moskito-parquet\/"]}]},{"@type":"ImageObject","inLanguage":"ca","@id":"https:\/\/moskito.es\/ca\/benvinguts-al-nou-showroom-de-moskito-parquet\/#primaryimage","url":"https:\/\/moskito.es\/wp-content\/uploads\/2018\/12\/Moskito-parquets-Barcelona-tienda-02.jpg","contentUrl":"https:\/\/moskito.es\/wp-content\/uploads\/2018\/12\/Moskito-parquets-Barcelona-tienda-02.jpg","width":1088,"height":580,"caption":"Moskito tienda de parquets en Barcelona vista mostrador madera"},{"@type":"BreadcrumbList","@id":"https:\/\/moskito.es\/ca\/benvinguts-al-nou-showroom-de-moskito-parquet\/#breadcrumb","itemListElement":[{"@type":"ListItem","position":1,"name":"Portada","item":"https:\/\/moskito.es\/ca\/"},{"@type":"ListItem","position":2,"name":"Benvinguts al nou Showroom de Moskito parquet"}]},{"@type":"WebSite","@id":"https:\/\/moskito.es\/ca\/#website","url":"https:\/\/moskito.es\/ca\/","name":"Parquets Moskito","description":"Los mejores parquets de Barcelona","publisher":{"@id":"https:\/\/moskito.es\/ca\/#organization"},"potentialAction":[{"@type":"SearchAction","target":{"@type":"EntryPoint","urlTemplate":"https:\/\/moskito.es\/ca\/?s={search_term_string}"},"query-input":{"@type":"PropertyValueSpecification","valueRequired":true,"valueName":"search_term_string"}}],"inLanguage":"ca"},{"@type":"Organization","@id":"https:\/\/moskito.es\/ca\/#organization","name":"Mokito","url":"https:\/\/moskito.es\/ca\/","logo":{"@type":"ImageObject","inLanguage":"ca","@id":"https:\/\/moskito.es\/ca\/#\/schema\/logo\/image\/","url":"https:\/\/moskito.es\/wp-content\/uploads\/2016\/04\/logotipo.png","contentUrl":"https:\/\/moskito.es\/wp-content\/uploads\/2016\/04\/logotipo.png","width":151,"height":58,"caption":"Mokito"},"image":{"@id":"https:\/\/moskito.es\/ca\/#\/schema\/logo\/image\/"}},{"@type":"Person","@id":"https:\/\/moskito.es\/ca\/#\/schema\/person\/8e9130882b0c880c20c0bba26ea357d7","name":"Xavi Font","image":{"@type":"ImageObject","inLanguage":"ca","@id":"https:\/\/secure.gravatar.com\/avatar\/4674fac1a7eac08347b1d703376900567caced8dd704c2987c78dc37f20890ee?s=96&d=mm&r=g","url":"https:\/\/secure.gravatar.com\/avatar\/4674fac1a7eac08347b1d703376900567caced8dd704c2987c78dc37f20890ee?s=96&d=mm&r=g","contentUrl":"https:\/\/secure.gravatar.com\/avatar\/4674fac1a7eac08347b1d703376900567caced8dd704c2987c78dc37f20890ee?s=96&d=mm&r=g","caption":"Xavi Font"},"description":"Artesano del parquet. M\u00e1s de 15 a\u00f1os de experiencia en el mundo del parquet. Miembro de la Asociaci\u00f3n Catalana de Industriales del Parquet (ACIP) y de la Federaci\u00f3n Espa\u00f1ola de Pavimentos de Madera (FEPM).","sameAs":["https:\/\/moskito.es\/xavi-font\/"]}]}},"_links":{"self":[{"href":"https:\/\/moskito.es\/ca\/wp-json\/wp\/v2\/posts\/5001","targetHints":{"allow":["GET"]}}],"collection":[{"href":"https:\/\/moskito.es\/ca\/wp-json\/wp\/v2\/posts"}],"about":[{"href":"https:\/\/moskito.es\/ca\/wp-json\/wp\/v2\/types\/post"}],"author":[{"embeddable":true,"href":"https:\/\/moskito.es\/ca\/wp-json\/wp\/v2\/users\/2"}],"replies":[{"embeddable":true,"href":"https:\/\/moskito.es\/ca\/wp-json\/wp\/v2\/comments?post=5001"}],"version-history":[{"count":0,"href":"https:\/\/moskito.es\/ca\/wp-json\/wp\/v2\/posts\/5001\/revisions"}],"wp:featuredmedia":[{"embeddable":true,"href":"https:\/\/moskito.es\/ca\/wp-json\/wp\/v2\/media\/4209"}],"wp:attachment":[{"href":"https:\/\/moskito.es\/ca\/wp-json\/wp\/v2\/media?parent=5001"}],"wp:term":[{"taxonomy":"category","embeddable":true,"href":"https:\/\/moskito.es\/ca\/wp-json\/wp\/v2\/categories?post=5001"},{"taxonomy":"post_tag","embeddable":true,"href":"https:\/\/moskito.es\/ca\/wp-json\/wp\/v2\/tags?post=5001"}],"curies":[{"name":"wp","href":"https:\/\/api.w.org\/{rel}","templated":true}]}}