{"id":5017,"date":"2026-08-04T08:55:24","date_gmt":"2026-08-04T08:55:24","guid":{"rendered":"https:\/\/moskito.es\/?p=5017"},"modified":"2026-08-05T10:25:34","modified_gmt":"2026-08-05T10:25:34","slug":"com-netejar-el-parquet-i-la-tarima-flotant-de-fusta","status":"publish","type":"post","link":"https:\/\/moskito.es\/ca\/com-netejar-el-parquet-i-la-tarima-flotant-de-fusta\/","title":{"rendered":"Com netejar el parquet i la tarima flotant de fusta"},"content":{"rendered":"<p><div class=\"fusion-fullwidth fullwidth-box fusion-builder-row-1 fusion-flex-container nonhundred-percent-fullwidth non-hundred-percent-height-scrolling\" style=\"--awb-border-radius-top-left:0px;--awb-border-radius-top-right:0px;--awb-border-radius-bottom-right:0px;--awb-border-radius-bottom-left:0px;--awb-flex-wrap:wrap;\" ><div class=\"fusion-builder-row fusion-row fusion-flex-align-items-flex-start fusion-flex-content-wrap\" style=\"max-width:1190.8px;margin-left: calc(-4% \/ 2 );margin-right: calc(-4% \/ 2 );\"><div class=\"fusion-layout-column fusion_builder_column fusion-builder-column-0 fusion_builder_column_1_1 1_1 fusion-flex-column\" style=\"--awb-bg-size:cover;--awb-width-large:100%;--awb-margin-top-large:0px;--awb-spacing-right-large:1.92%;--awb-margin-bottom-large:0px;--awb-spacing-left-large:1.92%;--awb-width-medium:100%;--awb-spacing-right-medium:1.92%;--awb-spacing-left-medium:1.92%;--awb-width-small:100%;--awb-spacing-right-small:1.92%;--awb-spacing-left-small:1.92%;\"><div class=\"fusion-column-wrapper fusion-flex-justify-content-flex-start fusion-content-layout-column\"><div class=\"fusion-text fusion-text-1\"><p>Netejar correctament el parquet significa respectar la naturalesa de la fusta. Un terra natural \u2014mass\u00eds, multicapa o instal\u00b7lat com a tarima flotant\u2014 no respon igual que un paviment cer\u00e0mic ni que un laminat d\u2019imitaci\u00f3. La humitat, el producte utilitzat i el tipus d\u2019acabat influeixen directament en el resultat.<\/p>\n<p><!--more--><\/p>\n<p><strong>En aquesta guia explico com netejar el parquet en el dia a dia<\/strong>, amb qu\u00e8 fregar-lo, quins productes conv\u00e9 evitar i com actuar davant de taques concretes. La regla que apliquem en l\u2019ofici \u00e9s senzilla: retirar la pols amb freq\u00fc\u00e8ncia, utilitzar molt poca humitat i triar cada producte segons l\u2019acabat real de la fusta.<\/p>\n<\/div><\/div><\/div><div class=\"fusion-layout-column fusion_builder_column fusion-builder-column-1 fusion_builder_column_1_1 1_1 fusion-flex-column\" style=\"--awb-bg-size:cover;--awb-width-large:100%;--awb-margin-top-large:0px;--awb-spacing-right-large:1.92%;--awb-margin-bottom-large:20px;--awb-spacing-left-large:2.56%;--awb-width-medium:100%;--awb-order-medium:0;--awb-spacing-right-medium:1.92%;--awb-spacing-left-medium:1.92%;--awb-width-small:100%;--awb-order-small:0;--awb-spacing-right-small:1.92%;--awb-spacing-left-small:1.92%;\" data-scroll-devices=\"small-visibility,medium-visibility,large-visibility\"><div class=\"fusion-column-wrapper fusion-column-has-shadow fusion-flex-justify-content-flex-start fusion-content-layout-column\"><div class=\"fusion-text fusion-text-2\"><h2>Abans de netejar: com evitar que el parquet s\u2019embruti o es faci malb\u00e9<\/h2>\n<\/div><div class=\"fusion-separator fusion-full-width-sep\" style=\"align-self: center;margin-left: auto;margin-right: auto;margin-top:20px;width:100%;\"><div class=\"fusion-separator-border sep-double\" style=\"--awb-height:20px;--awb-amount:20px;border-color:#e0dede;border-top-width:0px;border-bottom-width:0px;\"><\/div><\/div><div class=\"fusion-text fusion-text-3\"><p><strong>La millor neteja del parquet comen\u00e7a a l\u2019entrada.<\/strong> La sorra i les part\u00edcules minerals actuen com un abrasiu sota les sabates i, amb el temps, poden ratllar l\u2019acabat.<\/p>\n<p>Col\u00b7loca un felput efica\u00e7 a l\u2019exterior i un altre a l\u2019interior. Treu-te les sabates mullades, eixuga immediatament qualsevol esquitxada i protegeix les potes dels mobles amb feltres nets. Per moure una pe\u00e7a pesada, aixeca-la o utilitza protectors adequats; no l\u2019arrosseguis.<\/p>\n<p>Els testos han de portar un plat estanc i una protecci\u00f3 que eviti condensacions prolongades. Sota les catifes, utilitza bases transpirables. S\u00f3n gestos senzills que allarguen la vida de l\u2019acabat i redueixen la necessitat de neteges intensives.<\/p>\n<\/div><\/div><\/div><div class=\"fusion-layout-column fusion_builder_column fusion-builder-column-2 fusion_builder_column_1_1 1_1 fusion-flex-column\" style=\"--awb-bg-size:cover;--awb-width-large:100%;--awb-margin-top-large:0px;--awb-spacing-right-large:1.92%;--awb-margin-bottom-large:20px;--awb-spacing-left-large:2.56%;--awb-width-medium:100%;--awb-order-medium:0;--awb-spacing-right-medium:1.92%;--awb-spacing-left-medium:1.92%;--awb-width-small:100%;--awb-order-small:0;--awb-spacing-right-small:1.92%;--awb-spacing-left-small:1.92%;\" data-scroll-devices=\"small-visibility,medium-visibility,large-visibility\"><div class=\"fusion-column-wrapper fusion-column-has-shadow fusion-flex-justify-content-flex-start fusion-content-layout-column\"><div class=\"fusion-text fusion-text-4\"><h2>Neteja di\u00e0ria i setmanal dels terres de fusta<\/h2>\n<\/div><div class=\"fusion-separator fusion-full-width-sep\" style=\"align-self: center;margin-left: auto;margin-right: auto;margin-top:20px;width:100%;\"><div class=\"fusion-separator-border sep-double\" style=\"--awb-height:20px;--awb-amount:20px;border-color:#e0dede;border-top-width:0px;border-bottom-width:0px;\"><\/div><\/div><div class=\"fusion-text fusion-text-5\"><p>Per netejar un terra de fusta, elimina primer la pols i fes despr\u00e9s una neteja lleugerament humida nom\u00e9s quan sigui necessari.<\/p>\n<\/div>\n<div class=\"table-1\">\n<table width=\"100%\">\n<thead>\n<tr>\n<th align=\"left\">Freq\u00fc\u00e8ncia orientativa<\/th>\n<th align=\"left\">Qu\u00e8 cal fer<\/th>\n<th align=\"left\">Eina<\/th>\n<\/tr>\n<\/thead>\n<tbody>\n<tr>\n<td align=\"left\">Cada dia o segons l\u2019\u00fas<\/td>\n<td align=\"left\">Retirar la pols, la sorra i els p\u00e8ls<\/td>\n<td align=\"left\">Mopa seca o aspirador<\/td>\n<\/tr>\n<tr>\n<td align=\"left\">Un cop per setmana<\/td>\n<td align=\"left\">Neteja lleugerament humida<\/td>\n<td align=\"left\">Mopa plana ben escorreguda<\/td>\n<\/tr>\n<tr>\n<td align=\"left\">Immediatament<\/td>\n<td align=\"left\">Eixugar els l\u00edquids i tractar les taques<\/td>\n<td align=\"left\">Drap blanc absorbent<\/td>\n<\/tr>\n<\/tbody>\n<\/table>\n<\/div>\n<div class=\"fusion-separator fusion-full-width-sep\" style=\"align-self: center;margin-left: auto;margin-right: auto;margin-top:24px;width:100%;\"><\/div><div class=\"fusion-text fusion-text-6\"><p>Utilitza un <strong>aspirador amb un cap\u00e7al per a parquet<\/strong>, amb cerres suaus i sense raspall rotatori agressiu. Quan necessitis fregar, fes servir una mopa de microfibra amb prou feines humitejada: ha de quedar humida al tacte, per\u00f2 sense deixar gotes.<\/p>\n<p>Afegeix nom\u00e9s la dosi indicada d\u2019un <strong>netejador espec\u00edfic de pH neutre<\/strong>. M\u00e9s producte no significa m\u00e9s neteja; pot deixar residus o una pel\u00b7l\u00edcula opaca. En parquets oliats, utilitza el sab\u00f3 de manteniment compatible amb l\u2019oli aplicat. En superf\u00edcies envernissades, tria un netejador per a fusta segellada. Si desconeixes l\u2019acabat, consulta l\u2019instal\u00b7lador abans de provar una f\u00f3rmula nova.<\/p>\n<\/div><\/div><\/div><div class=\"fusion-layout-column fusion_builder_column fusion-builder-column-3 fusion_builder_column_1_6 1_6 fusion-flex-column\" style=\"--awb-bg-size:cover;--awb-width-large:16.666666666667%;--awb-margin-top-large:20px;--awb-spacing-right-large:11.52%;--awb-margin-bottom-large:80px;--awb-spacing-left-large:15.36%;--awb-width-medium:100%;--awb-order-medium:0;--awb-spacing-right-medium:1.92%;--awb-spacing-left-medium:1.92%;--awb-width-small:100%;--awb-order-small:0;--awb-margin-top-small:0px;--awb-spacing-right-small:1.92%;--awb-margin-bottom-small:10px;--awb-spacing-left-small:1.92%;\" data-scroll-devices=\"small-visibility,medium-visibility,large-visibility\"><div class=\"fusion-column-wrapper fusion-column-has-shadow fusion-flex-justify-content-flex-start fusion-content-layout-column\"><\/div><\/div><div class=\"fusion-layout-column fusion_builder_column fusion-builder-column-4 fusion_builder_column_2_3 2_3 fusion-flex-column\" style=\"--awb-bg-size:cover;--awb-width-large:66.666666666667%;--awb-margin-top-large:20px;--awb-spacing-right-large:2.88%;--awb-margin-bottom-large:80px;--awb-spacing-left-large:3.84%;--awb-width-medium:100%;--awb-order-medium:0;--awb-spacing-right-medium:1.92%;--awb-spacing-left-medium:1.92%;--awb-width-small:100%;--awb-order-small:0;--awb-margin-top-small:0px;--awb-spacing-right-small:1.92%;--awb-margin-bottom-small:10px;--awb-spacing-left-small:1.92%;\" data-scroll-devices=\"small-visibility,medium-visibility,large-visibility\"><div class=\"fusion-column-wrapper fusion-column-has-shadow fusion-flex-justify-content-flex-start fusion-content-layout-column\"><div class=\"fusion-image-element\" style=\"--awb-caption-title-font-family:var(--h2_typography-font-family);--awb-caption-title-font-weight:var(--h2_typography-font-weight);--awb-caption-title-font-style:var(--h2_typography-font-style);--awb-caption-title-size:var(--h2_typography-font-size);--awb-caption-title-transform:var(--h2_typography-text-transform);--awb-caption-title-line-height:var(--h2_typography-line-height);--awb-caption-title-letter-spacing:var(--h2_typography-letter-spacing);\"><span class=\" fusion-imageframe imageframe-none imageframe-1 hover-type-none\"><a class=\"fusion-no-lightbox\" href=\"https:\/\/api.whatsapp.com\/send\/?phone=%2B34630240130&amp;text&amp;type=phone_number&amp;app_absent=0\" target=\"_blank\" aria-label=\"banner-whatsapp\" rel=\"noopener noreferrer\"><img decoding=\"async\" width=\"1920\" height=\"454\" src=\"https:\/\/moskito.es\/wp-content\/uploads\/2026\/06\/banner-whatsapp.jpg\" alt class=\"img-responsive wp-image-15636\" srcset=\"https:\/\/moskito.es\/wp-content\/uploads\/2026\/06\/banner-whatsapp-200x47.jpg 200w, https:\/\/moskito.es\/wp-content\/uploads\/2026\/06\/banner-whatsapp-400x95.jpg 400w, https:\/\/moskito.es\/wp-content\/uploads\/2026\/06\/banner-whatsapp-600x142.jpg 600w, https:\/\/moskito.es\/wp-content\/uploads\/2026\/06\/banner-whatsapp-800x189.jpg 800w, https:\/\/moskito.es\/wp-content\/uploads\/2026\/06\/banner-whatsapp-1200x284.jpg 1200w, https:\/\/moskito.es\/wp-content\/uploads\/2026\/06\/banner-whatsapp.jpg 1920w\" sizes=\"(max-width: 1024px) 100vw, (max-width: 640px) 100vw, 800px\" \/><\/a><\/span><\/div><\/div><\/div><div class=\"fusion-layout-column fusion_builder_column fusion-builder-column-5 fusion_builder_column_1_6 1_6 fusion-flex-column\" style=\"--awb-bg-size:cover;--awb-width-large:16.666666666667%;--awb-margin-top-large:20px;--awb-spacing-right-large:11.52%;--awb-margin-bottom-large:80px;--awb-spacing-left-large:15.36%;--awb-width-medium:100%;--awb-order-medium:0;--awb-spacing-right-medium:1.92%;--awb-spacing-left-medium:1.92%;--awb-width-small:100%;--awb-order-small:0;--awb-margin-top-small:0px;--awb-spacing-right-small:1.92%;--awb-margin-bottom-small:10px;--awb-spacing-left-small:1.92%;\" data-scroll-devices=\"small-visibility,medium-visibility,large-visibility\"><div class=\"fusion-column-wrapper fusion-column-has-shadow fusion-flex-justify-content-flex-start fusion-content-layout-column\"><\/div><\/div><div class=\"fusion-layout-column fusion_builder_column fusion-builder-column-6 fusion_builder_column_1_1 1_1 fusion-flex-column\" style=\"--awb-bg-size:cover;--awb-width-large:100%;--awb-margin-top-large:0px;--awb-spacing-right-large:1.92%;--awb-margin-bottom-large:20px;--awb-spacing-left-large:2.56%;--awb-width-medium:100%;--awb-order-medium:0;--awb-spacing-right-medium:1.92%;--awb-spacing-left-medium:1.92%;--awb-width-small:100%;--awb-order-small:0;--awb-spacing-right-small:1.92%;--awb-spacing-left-small:1.92%;\" data-scroll-devices=\"small-visibility,medium-visibility,large-visibility\"><div class=\"fusion-column-wrapper fusion-column-has-shadow fusion-flex-justify-content-flex-start fusion-content-layout-column\"><div class=\"fusion-text fusion-text-7\"><h2>Productes qu\u00edmics i alternatives ecol\u00f2giques per netejar el parquet<\/h2>\n<\/div><div class=\"fusion-separator fusion-full-width-sep\" style=\"align-self: center;margin-left: auto;margin-right: auto;margin-top:20px;width:100%;\"><div class=\"fusion-separator-border sep-double\" style=\"--awb-height:20px;--awb-amount:20px;border-color:#e0dede;border-top-width:0px;border-bottom-width:0px;\"><\/div><\/div><div class=\"fusion-text fusion-text-8\"><p>El millor producte per netejar el parquet no \u00e9s el m\u00e9s fort, sin\u00f3 aquell que elimina la brut\u00edcia sense alterar-ne la protecci\u00f3.<\/p>\n<\/div><\/div><\/div><div class=\"fusion-layout-column fusion_builder_column fusion-builder-column-7 fusion_builder_column_1_2 1_2 fusion-flex-column\" style=\"--awb-bg-size:cover;--awb-width-large:50%;--awb-margin-top-large:0px;--awb-spacing-right-large:3.84%;--awb-margin-bottom-large:20px;--awb-spacing-left-large:5.12%;--awb-width-medium:100%;--awb-order-medium:0;--awb-spacing-right-medium:1.92%;--awb-spacing-left-medium:1.92%;--awb-width-small:100%;--awb-order-small:0;--awb-spacing-right-small:1.92%;--awb-spacing-left-small:1.92%;\" data-scroll-devices=\"small-visibility,medium-visibility,large-visibility\"><div class=\"fusion-column-wrapper fusion-column-has-shadow fusion-flex-justify-content-flex-start fusion-content-layout-column\"><div class=\"fusion-title title fusion-title-1 fusion-title-text fusion-title-size-three\" style=\"--awb-margin-top-small:10px;--awb-margin-right-small:0px;--awb-margin-bottom-small:10px;--awb-margin-left-small:0px;\"><div class=\"title-sep-container title-sep-container-left fusion-no-large-visibility fusion-no-medium-visibility fusion-no-small-visibility\"><div class=\"title-sep sep-double sep-solid\" style=\"border-color:#e0dede;\"><\/div><\/div><span class=\"awb-title-spacer fusion-no-large-visibility fusion-no-medium-visibility fusion-no-small-visibility\"><\/span><h3 class=\"fusion-title-heading title-heading-left\" style=\"margin:0;\">Productes que conv\u00e9 evitar<\/h3><span class=\"awb-title-spacer\"><\/span><div class=\"title-sep-container title-sep-container-right\"><div class=\"title-sep sep-double sep-solid\" style=\"border-color:#e0dede;\"><\/div><\/div><\/div><div class=\"fusion-text fusion-text-9\"><p>No recomano utilitzar lleixiu, amon\u00edac, netejavidres, desgreixants alcalins, alcohol, acetona ni detergents de cuina. Poden atacar el vern\u00eds, ressecar determinats acabats o modificar-ne el to.<\/p>\n<p>Tampoc no s\u2019han d\u2019utilitzar netejadores de vapor. La calor i la humitat poden penetrar per les juntes o per les zones desgastades i provocar deformacions o danys en l\u2019acabat.<\/p>\n<p>Conv\u00e9 desconfiar dels abrillantadors universals, dels restauradors r\u00e0pids i de les ceres amb silicona. Poden deixar una pel\u00b7l\u00edcula que atrau la brut\u00edcia, genera difer\u00e8ncies de brillantor i dificulta una futura aplicaci\u00f3 d\u2019oli o de vern\u00eds. La cera nom\u00e9s \u00e9s adequada quan el sistema original \u00e9s encerat i el fabricant la recomana.<\/p>\n<\/div><\/div><\/div><div class=\"fusion-layout-column fusion_builder_column fusion-builder-column-8 fusion_builder_column_1_2 1_2 fusion-flex-column\" style=\"--awb-bg-size:cover;--awb-width-large:50%;--awb-margin-top-large:0px;--awb-spacing-right-large:3.84%;--awb-margin-bottom-large:20px;--awb-spacing-left-large:5.12%;--awb-width-medium:100%;--awb-order-medium:0;--awb-spacing-right-medium:1.92%;--awb-spacing-left-medium:1.92%;--awb-width-small:100%;--awb-order-small:0;--awb-spacing-right-small:1.92%;--awb-spacing-left-small:1.92%;\" data-scroll-devices=\"small-visibility,medium-visibility,large-visibility\"><div class=\"fusion-column-wrapper fusion-column-has-shadow fusion-flex-justify-content-flex-start fusion-content-layout-column\"><div class=\"fusion-image-element\" style=\"--awb-caption-title-font-family:var(--h2_typography-font-family);--awb-caption-title-font-weight:var(--h2_typography-font-weight);--awb-caption-title-font-style:var(--h2_typography-font-style);--awb-caption-title-size:var(--h2_typography-font-size);--awb-caption-title-transform:var(--h2_typography-text-transform);--awb-caption-title-line-height:var(--h2_typography-line-height);--awb-caption-title-letter-spacing:var(--h2_typography-letter-spacing);\"><span class=\" fusion-imageframe imageframe-none imageframe-2 hover-type-none\"><img decoding=\"async\" width=\"1000\" height=\"840\" alt=\"Productes adequats per netejar un terra de fusta natural\" title=\"Productes adequats per netejar un terra de fusta natural\" src=\"https:\/\/moskito.es\/wp-content\/uploads\/2026\/08\/productes-neteja-terra-fusta-natural.jpg\" class=\"img-responsive wp-image-16142\" srcset=\"https:\/\/moskito.es\/wp-content\/uploads\/2026\/08\/productes-neteja-terra-fusta-natural-200x168.jpg 200w, https:\/\/moskito.es\/wp-content\/uploads\/2026\/08\/productes-neteja-terra-fusta-natural-400x336.jpg 400w, https:\/\/moskito.es\/wp-content\/uploads\/2026\/08\/productes-neteja-terra-fusta-natural-600x504.jpg 600w, https:\/\/moskito.es\/wp-content\/uploads\/2026\/08\/productes-neteja-terra-fusta-natural-800x672.jpg 800w, https:\/\/moskito.es\/wp-content\/uploads\/2026\/08\/productes-neteja-terra-fusta-natural.jpg 1000w\" sizes=\"(max-width: 1024px) 100vw, (max-width: 640px) 100vw, 600px\" \/><\/span><\/div><\/div><\/div><div class=\"fusion-layout-column fusion_builder_column fusion-builder-column-9 fusion_builder_column_1_2 1_2 fusion-flex-column\" style=\"--awb-bg-size:cover;--awb-width-large:50%;--awb-margin-top-large:0px;--awb-spacing-right-large:3.84%;--awb-margin-bottom-large:20px;--awb-spacing-left-large:5.12%;--awb-width-medium:100%;--awb-order-medium:0;--awb-spacing-right-medium:1.92%;--awb-spacing-left-medium:1.92%;--awb-width-small:100%;--awb-order-small:0;--awb-spacing-right-small:1.92%;--awb-spacing-left-small:1.92%;\" data-scroll-devices=\"small-visibility,medium-visibility,large-visibility\"><div class=\"fusion-column-wrapper fusion-column-has-shadow fusion-flex-justify-content-flex-start fusion-content-layout-column\"><div class=\"fusion-title title fusion-title-2 fusion-title-text fusion-title-size-three\" style=\"--awb-margin-top-small:10px;--awb-margin-right-small:0px;--awb-margin-bottom-small:10px;--awb-margin-left-small:0px;\"><div class=\"title-sep-container title-sep-container-left fusion-no-large-visibility fusion-no-medium-visibility fusion-no-small-visibility\"><div class=\"title-sep sep-double sep-solid\" style=\"border-color:#e0dede;\"><\/div><\/div><span class=\"awb-title-spacer fusion-no-large-visibility fusion-no-medium-visibility fusion-no-small-visibility\"><\/span><h3 class=\"fusion-title-heading title-heading-left\" style=\"margin:0;\">Productes casolans per netejar el parquet: menys \u00e9s m\u00e9s<\/h3><span class=\"awb-title-spacer\"><\/span><div class=\"title-sep-container title-sep-container-right\"><div class=\"title-sep sep-double sep-solid\" style=\"border-color:#e0dede;\"><\/div><\/div><\/div><div class=\"fusion-text fusion-text-10\"><p>Entre els productes casolans per netejar el parquet, l\u2019opci\u00f3 m\u00e9s prudent \u00e9s utilitzar<strong> aigua t\u00e8bia en una quantitat m\u00ednima i un netejador espec\u00edfic de pH neutre<\/strong>. \u00abNeutre\u00bb no significa qualsevol sab\u00f3 dom\u00e8stic: un detergent per rentar plats pot contenir desgreixants, perfums i additius que no estan pensats per a la fusta.<\/p>\n<p>La microfibra permet treballar amb menys humitat i reduir l\u2019\u00fas de productes qu\u00edmics agressius. Aquest criteri encaixa amb una visi\u00f3 responsable del material: si escollim fusta amb tra\u00e7abilitat forestal i acabats de baixa toxicitat, t\u00e9 sentit mantenir-la amb f\u00f3rmules dosificades i respectuoses.<\/p>\n<p>A Moskito seleccionem parquets procedents de fustes amb certificacions FSC o PEFC i oferim opcions amb certificaci\u00f3 Cradle to Cradle\u00ae. \u00c9s una manera d\u2019entendre la qualitat des del bosc fins a la llar.<\/p>\n<\/div><\/div><\/div><div class=\"fusion-layout-column fusion_builder_column fusion-builder-column-10 fusion_builder_column_1_2 1_2 fusion-flex-column\" style=\"--awb-bg-size:cover;--awb-width-large:50%;--awb-margin-top-large:0px;--awb-spacing-right-large:3.84%;--awb-margin-bottom-large:20px;--awb-spacing-left-large:5.12%;--awb-width-medium:100%;--awb-order-medium:0;--awb-spacing-right-medium:1.92%;--awb-spacing-left-medium:1.92%;--awb-width-small:100%;--awb-order-small:0;--awb-spacing-right-small:1.92%;--awb-spacing-left-small:1.92%;\" data-scroll-devices=\"small-visibility,medium-visibility,large-visibility\"><div class=\"fusion-column-wrapper fusion-column-has-shadow fusion-flex-justify-content-flex-start fusion-content-layout-column\"><div class=\"fusion-title title fusion-title-3 fusion-title-text fusion-title-size-three\" style=\"--awb-margin-top-small:10px;--awb-margin-right-small:0px;--awb-margin-bottom-small:10px;--awb-margin-left-small:0px;\"><div class=\"title-sep-container title-sep-container-left fusion-no-large-visibility fusion-no-medium-visibility fusion-no-small-visibility\"><div class=\"title-sep sep-double sep-solid\" style=\"border-color:#e0dede;\"><\/div><\/div><span class=\"awb-title-spacer fusion-no-large-visibility fusion-no-medium-visibility fusion-no-small-visibility\"><\/span><h3 class=\"fusion-title-heading title-heading-left\" style=\"margin:0;\">Es pot netejar el parquet amb vinagre?<\/h3><span class=\"awb-title-spacer\"><\/span><div class=\"title-sep-container title-sep-container-right\"><div class=\"title-sep sep-double sep-solid\" style=\"border-color:#e0dede;\"><\/div><\/div><\/div><div class=\"fusion-text fusion-text-11\"><p>No recomano netejar el parquet amb vinagre com a m\u00e8tode habitual. Tot i que sovint es presenta com una soluci\u00f3 natural, \u00e9s un producte \u00e0cid i pot degradar o apagar determinats vernissos, especialment si s\u2019utilitza amb freq\u00fc\u00e8ncia, en una concentraci\u00f3 elevada o sobre un acabat desgastat.<\/p>\n<p>Nom\u00e9s s\u2019hauria de considerar quan el fabricant ho autoritzi expressament, seguint la diluci\u00f3 indicada i despr\u00e9s de fer una prova en una zona poc visible. El vinagre de neteja acostuma a ser m\u00e9s concentrat, per la qual cosa no s\u2019ha d\u2019aplicar mai directament sobre el parquet.<\/p>\n<p>Tampoco aconsejo mezclar vinagre y aceite para \u201cdar brillo\u201d. El aceite dom\u00e9stico no sustituye a un aceite t\u00e9cnico para parquet: puede dejar el suelo pegajoso o resbaladizo y dificultar una restauraci\u00f3n posterior.<\/p>\n<\/div><\/div><\/div><div class=\"fusion-layout-column fusion_builder_column fusion-builder-column-11 fusion_builder_column_1_1 1_1 fusion-flex-column\" style=\"--awb-bg-size:cover;--awb-width-large:100%;--awb-margin-top-large:0px;--awb-spacing-right-large:1.92%;--awb-margin-bottom-large:20px;--awb-spacing-left-large:2.56%;--awb-width-medium:100%;--awb-order-medium:0;--awb-spacing-right-medium:1.92%;--awb-spacing-left-medium:1.92%;--awb-width-small:100%;--awb-order-small:0;--awb-spacing-right-small:1.92%;--awb-spacing-left-small:1.92%;\" data-scroll-devices=\"small-visibility,medium-visibility,large-visibility\"><div class=\"fusion-column-wrapper fusion-column-has-shadow fusion-flex-justify-content-flex-start fusion-content-layout-column\"><div class=\"fusion-text fusion-text-12\"><h2>Com eliminar taques concretes del parquet<\/h2>\n<\/div><div class=\"fusion-separator fusion-full-width-sep\" style=\"align-self: center;margin-left: auto;margin-right: auto;margin-top:20px;width:100%;\"><div class=\"fusion-separator-border sep-double\" style=\"--awb-height:20px;--awb-amount:20px;border-color:#e0dede;border-top-width:0px;border-bottom-width:0px;\"><\/div><\/div><div class=\"fusion-text fusion-text-13\"><p>La millor manera d\u2019eliminar una taca \u00e9s actuar r\u00e0pidament, absorbir-la sense escampar-la i utilitzar la m\u00ednima quantitat de producte possible. Evita els fregalls, les esponges abrasives i els estris met\u00e0l\u00b7lics.<\/p>\n<\/div><\/div><\/div><div class=\"fusion-layout-column fusion_builder_column fusion-builder-column-12 fusion_builder_column_1_3 1_3 fusion-flex-column\" style=\"--awb-bg-size:cover;--awb-width-large:33.333333333333%;--awb-margin-top-large:0px;--awb-spacing-right-large:5.76%;--awb-margin-bottom-large:20px;--awb-spacing-left-large:7.68%;--awb-width-medium:100%;--awb-order-medium:0;--awb-spacing-right-medium:1.92%;--awb-spacing-left-medium:1.92%;--awb-width-small:100%;--awb-order-small:0;--awb-spacing-right-small:1.92%;--awb-spacing-left-small:1.92%;\" data-scroll-devices=\"small-visibility,medium-visibility,large-visibility\"><div class=\"fusion-column-wrapper fusion-column-has-shadow fusion-flex-justify-content-flex-start fusion-content-layout-column\"><div class=\"fusion-title title fusion-title-4 fusion-title-text fusion-title-size-three\" style=\"--awb-margin-top-small:10px;--awb-margin-right-small:0px;--awb-margin-bottom-small:10px;--awb-margin-left-small:0px;\"><div class=\"title-sep-container title-sep-container-left fusion-no-large-visibility fusion-no-medium-visibility fusion-no-small-visibility\"><div class=\"title-sep sep-double sep-solid\" style=\"border-color:#e0dede;\"><\/div><\/div><span class=\"awb-title-spacer fusion-no-large-visibility fusion-no-medium-visibility fusion-no-small-visibility\"><\/span><h3 class=\"fusion-title-heading title-heading-left\" style=\"margin:0;\">Taques d\u2019aigua<\/h3><span class=\"awb-title-spacer\"><\/span><div class=\"title-sep-container title-sep-container-right\"><div class=\"title-sep sep-double sep-solid\" style=\"border-color:#e0dede;\"><\/div><\/div><\/div><div class=\"fusion-text fusion-text-14\"><p>Eixuga el l\u00edquid amb paper absorbent o amb un drap blanc. Despr\u00e9s, passa-hi una baieta lleugerament humida i torna a eixugar la superf\u00edcie. Un cercle blanquin\u00f3s pot indicar humitat atrapada a l\u2019acabat; una marca fosca pot haver penetrat a la fusta. Insistir-hi amb m\u00e9s aigua acostuma a empitjorar el problema.<\/p>\n<\/div><\/div><\/div><div class=\"fusion-layout-column fusion_builder_column fusion-builder-column-13 fusion_builder_column_1_3 1_3 fusion-flex-column\" style=\"--awb-bg-size:cover;--awb-width-large:33.333333333333%;--awb-margin-top-large:0px;--awb-spacing-right-large:5.76%;--awb-margin-bottom-large:20px;--awb-spacing-left-large:7.68%;--awb-width-medium:100%;--awb-order-medium:0;--awb-spacing-right-medium:1.92%;--awb-spacing-left-medium:1.92%;--awb-width-small:100%;--awb-order-small:0;--awb-spacing-right-small:1.92%;--awb-spacing-left-small:1.92%;\" data-scroll-devices=\"small-visibility,medium-visibility,large-visibility\"><div class=\"fusion-column-wrapper fusion-column-has-shadow fusion-flex-justify-content-flex-start fusion-content-layout-column\"><div class=\"fusion-title title fusion-title-5 fusion-title-text fusion-title-size-three\" style=\"--awb-margin-top-small:10px;--awb-margin-right-small:0px;--awb-margin-bottom-small:10px;--awb-margin-left-small:0px;\"><div class=\"title-sep-container title-sep-container-left fusion-no-large-visibility fusion-no-medium-visibility fusion-no-small-visibility\"><div class=\"title-sep sep-double sep-solid\" style=\"border-color:#e0dede;\"><\/div><\/div><span class=\"awb-title-spacer fusion-no-large-visibility fusion-no-medium-visibility fusion-no-small-visibility\"><\/span><h3 class=\"fusion-title-heading title-heading-left\" style=\"margin:0;\">Taques d\u2019oli o de greix<\/h3><span class=\"awb-title-spacer\"><\/span><div class=\"title-sep-container title-sep-container-right\"><div class=\"title-sep sep-double sep-solid\" style=\"border-color:#e0dede;\"><\/div><\/div><\/div><div class=\"fusion-text fusion-text-15\"><p>Retira l\u2019exc\u00e9s sense escampar-lo i col\u00b7loca-hi paper absorbent. Despr\u00e9s, neteja la zona amb un producte espec\u00edfic. En un parquet oliat pot ser necessari utilitzar un netejador intensiu compatible i reaplicar l\u2019oli de manera localitzada. Evita els desgreixants de cuina i els dissolvents.<\/p>\n<\/div><\/div><\/div><div class=\"fusion-layout-column fusion_builder_column fusion-builder-column-14 fusion_builder_column_1_3 1_3 fusion-flex-column\" style=\"--awb-bg-size:cover;--awb-width-large:33.333333333333%;--awb-margin-top-large:0px;--awb-spacing-right-large:5.76%;--awb-margin-bottom-large:20px;--awb-spacing-left-large:7.68%;--awb-width-medium:100%;--awb-order-medium:0;--awb-spacing-right-medium:1.92%;--awb-spacing-left-medium:1.92%;--awb-width-small:100%;--awb-order-small:0;--awb-spacing-right-small:1.92%;--awb-spacing-left-small:1.92%;\" data-scroll-devices=\"small-visibility,medium-visibility,large-visibility\"><div class=\"fusion-column-wrapper fusion-column-has-shadow fusion-flex-justify-content-flex-start fusion-content-layout-column\"><div class=\"fusion-title title fusion-title-6 fusion-title-text fusion-title-size-three\" style=\"--awb-margin-top-small:10px;--awb-margin-right-small:0px;--awb-margin-bottom-small:10px;--awb-margin-left-small:0px;\"><div class=\"title-sep-container title-sep-container-left fusion-no-large-visibility fusion-no-medium-visibility fusion-no-small-visibility\"><div class=\"title-sep sep-double sep-solid\" style=\"border-color:#e0dede;\"><\/div><\/div><span class=\"awb-title-spacer fusion-no-large-visibility fusion-no-medium-visibility fusion-no-small-visibility\"><\/span><h3 class=\"fusion-title-heading title-heading-left\" style=\"margin:0;\">Vi, caf\u00e8 i altres begudes<\/h3><span class=\"awb-title-spacer\"><\/span><div class=\"title-sep-container title-sep-container-right\"><div class=\"title-sep sep-double sep-solid\" style=\"border-color:#e0dede;\"><\/div><\/div><\/div><div class=\"fusion-text fusion-text-16\"><p>Absorbeix el l\u00edquid des de la vora cap al centre. Utilitza un drap lleugerament humitejat amb un netejador per a fusta i eixuga b\u00e9 la superf\u00edcie despr\u00e9s. No deixis l\u00edquid a les juntes.<\/p>\n<\/div><\/div><\/div><div class=\"fusion-layout-column fusion_builder_column fusion-builder-column-15 fusion_builder_column_1_2 1_2 fusion-flex-column\" style=\"--awb-bg-size:cover;--awb-width-large:50%;--awb-margin-top-large:0px;--awb-spacing-right-large:3.84%;--awb-margin-bottom-large:20px;--awb-spacing-left-large:5.12%;--awb-width-medium:100%;--awb-order-medium:0;--awb-spacing-right-medium:1.92%;--awb-spacing-left-medium:1.92%;--awb-width-small:100%;--awb-order-small:0;--awb-spacing-right-small:1.92%;--awb-spacing-left-small:1.92%;\" data-scroll-devices=\"small-visibility,medium-visibility,large-visibility\"><div class=\"fusion-column-wrapper fusion-column-has-shadow fusion-flex-justify-content-flex-start fusion-content-layout-column\"><div class=\"fusion-title title fusion-title-7 fusion-title-text fusion-title-size-three\" style=\"--awb-margin-top-small:10px;--awb-margin-right-small:0px;--awb-margin-bottom-small:10px;--awb-margin-left-small:0px;\"><div class=\"title-sep-container title-sep-container-left fusion-no-large-visibility fusion-no-medium-visibility fusion-no-small-visibility\"><div class=\"title-sep sep-double sep-solid\" style=\"border-color:#e0dede;\"><\/div><\/div><span class=\"awb-title-spacer fusion-no-large-visibility fusion-no-medium-visibility fusion-no-small-visibility\"><\/span><h3 class=\"fusion-title-heading title-heading-left\" style=\"margin:0;\">Retolador o tinta<\/h3><span class=\"awb-title-spacer\"><\/span><div class=\"title-sep-container title-sep-container-right\"><div class=\"title-sep sep-double sep-solid\" style=\"border-color:#e0dede;\"><\/div><\/div><\/div><div class=\"fusion-text fusion-text-17\"><p>No apliquis alcohol ni acetona de manera autom\u00e0tica: poden dissoldre o alterar l\u2019acabat. Comen\u00e7a amb el netejador recomanat i un drap blanc. Si la marca persisteix, atura\u2019t abans d\u2019ampliar el dany.<\/p>\n<\/div><\/div><\/div><div class=\"fusion-layout-column fusion_builder_column fusion-builder-column-16 fusion_builder_column_1_2 1_2 fusion-flex-column\" style=\"--awb-bg-size:cover;--awb-width-large:50%;--awb-margin-top-large:0px;--awb-spacing-right-large:3.84%;--awb-margin-bottom-large:20px;--awb-spacing-left-large:5.12%;--awb-width-medium:100%;--awb-order-medium:0;--awb-spacing-right-medium:1.92%;--awb-spacing-left-medium:1.92%;--awb-width-small:100%;--awb-order-small:0;--awb-spacing-right-small:1.92%;--awb-spacing-left-small:1.92%;\" data-scroll-devices=\"small-visibility,medium-visibility,large-visibility\"><div class=\"fusion-column-wrapper fusion-column-has-shadow fusion-flex-justify-content-flex-start fusion-content-layout-column\"><div class=\"fusion-title title fusion-title-8 fusion-title-text fusion-title-size-three\" style=\"--awb-margin-top-small:10px;--awb-margin-right-small:0px;--awb-margin-bottom-small:10px;--awb-margin-left-small:0px;\"><div class=\"title-sep-container title-sep-container-left fusion-no-large-visibility fusion-no-medium-visibility fusion-no-small-visibility\"><div class=\"title-sep sep-double sep-solid\" style=\"border-color:#e0dede;\"><\/div><\/div><span class=\"awb-title-spacer fusion-no-large-visibility fusion-no-medium-visibility fusion-no-small-visibility\"><\/span><h3 class=\"fusion-title-heading title-heading-left\" style=\"margin:0;\">Cera d\u2019espelma<\/h3><span class=\"awb-title-spacer\"><\/span><div class=\"title-sep-container title-sep-container-right\"><div class=\"title-sep sep-double sep-solid\" style=\"border-color:#e0dede;\"><\/div><\/div><\/div><div class=\"fusion-text fusion-text-18\"><p>Deixa que es refredi i retira-la amb una targeta de pl\u00e0stic gaireb\u00e9 paral\u00b7lela al terra. No utilitzis fulles de tall ni calor intensa. El residu final s\u2019ha de tractar amb un producte compatible.<\/p>\n<\/div><\/div><\/div><\/div><\/div><div class=\"fusion-fullwidth fullwidth-box fusion-builder-row-2 fusion-flex-container nonhundred-percent-fullwidth non-hundred-percent-height-scrolling\" style=\"--awb-border-radius-top-left:0px;--awb-border-radius-top-right:0px;--awb-border-radius-bottom-right:0px;--awb-border-radius-bottom-left:0px;--awb-flex-wrap:wrap;\" ><div class=\"fusion-builder-row fusion-row fusion-flex-align-items-flex-start fusion-flex-content-wrap\" style=\"max-width:1190.8px;margin-left: calc(-4% \/ 2 );margin-right: calc(-4% \/ 2 );\"><div class=\"fusion-layout-column fusion_builder_column fusion-builder-column-17 fusion_builder_column_1_1 1_1 fusion-flex-column\" style=\"--awb-padding-top:20px;--awb-padding-right:20px;--awb-padding-bottom:20px;--awb-padding-left:20px;--awb-bg-color:rgba(242,121,0,0.66);--awb-bg-color-hover:rgba(242,121,0,0.66);--awb-bg-size:cover;--awb-width-large:100%;--awb-margin-top-large:20px;--awb-spacing-right-large:1.92%;--awb-margin-bottom-large:20px;--awb-spacing-left-large:1.92%;--awb-width-medium:100%;--awb-order-medium:0;--awb-spacing-right-medium:1.92%;--awb-spacing-left-medium:1.92%;--awb-width-small:100%;--awb-order-small:0;--awb-spacing-right-small:1.92%;--awb-spacing-left-small:1.92%;\"><div class=\"fusion-column-wrapper fusion-column-has-shadow fusion-flex-justify-content-flex-start fusion-content-layout-column\"><div class=\"fusion-text fusion-text-19\"><p><span style=\"color: #ffffff;\"><strong>Un consell sincer:<\/strong> aquests remeis s\u00f3n orientatius. Cada fusta, cada acabat \u2014envernissat, oliat o encerat\u2014 i cada estat de conservaci\u00f3 poden reaccionar de manera diferent. Prova qualsevol producte en una zona poc visible abans d\u2019aplicar-lo de manera general.<br \/>\nSi la taca ha travessat la capa de protecci\u00f3, pot ser necessari un poliment localitzat, una reparaci\u00f3 o una <a href=\"https:\/\/moskito.es\/ca\/producte\/acabats-i-servei-de-reparacio-de-parquets\/\">restauraci\u00f3 professional<\/a>. Afegir m\u00e9s producte poques vegades corregeix un dany que ja ha penetrat a l\u2019interior de la fusta. <\/span><\/p>\n<\/div><\/div><\/div><\/div><\/div><div class=\"fusion-fullwidth fullwidth-box fusion-builder-row-3 fusion-flex-container has-pattern-background has-mask-background nonhundred-percent-fullwidth non-hundred-percent-height-scrolling\" style=\"--awb-border-radius-top-left:0px;--awb-border-radius-top-right:0px;--awb-border-radius-bottom-right:0px;--awb-border-radius-bottom-left:0px;--awb-flex-wrap:wrap;\" ><div class=\"fusion-builder-row fusion-row fusion-flex-align-items-flex-start fusion-flex-content-wrap\" style=\"max-width:1190.8px;margin-left: calc(-4% \/ 2 );margin-right: calc(-4% \/ 2 );\"><div class=\"fusion-layout-column fusion_builder_column fusion-builder-column-18 fusion_builder_column_1_1 1_1 fusion-flex-column\" style=\"--awb-bg-size:cover;--awb-width-large:100%;--awb-margin-top-large:0px;--awb-spacing-right-large:1.92%;--awb-margin-bottom-large:20px;--awb-spacing-left-large:2.56%;--awb-width-medium:100%;--awb-order-medium:0;--awb-spacing-right-medium:1.92%;--awb-spacing-left-medium:1.92%;--awb-width-small:100%;--awb-order-small:0;--awb-spacing-right-small:1.92%;--awb-spacing-left-small:1.92%;\" data-scroll-devices=\"small-visibility,medium-visibility,large-visibility\"><div class=\"fusion-column-wrapper fusion-column-has-shadow fusion-flex-justify-content-flex-start fusion-content-layout-column\"><div class=\"fusion-text fusion-text-20\"><h2>Com fregar el parquet sense fer-lo malb\u00e9<\/h2>\n<\/div><div class=\"fusion-separator fusion-full-width-sep\" style=\"align-self: center;margin-left: auto;margin-right: auto;margin-top:20px;width:100%;\"><div class=\"fusion-separator-border sep-double\" style=\"--awb-height:20px;--awb-amount:20px;border-color:#e0dede;border-top-width:0px;border-bottom-width:0px;\"><\/div><\/div><div class=\"fusion-text fusion-text-21\"><p>Per fregar el parquet de fusta, utilitza una <strong>mopa plana molt ben escorreguda<\/strong>, poca soluci\u00f3 de neteja i passades ordenades. El terra s\u2019hauria d\u2019assecar en pocs minuts; si hi queden bassals o humitat visible, \u00e9s que est\u00e0s utilitzant massa aigua.<\/p>\n<p>Treballa per zones petites i, sempre que sigui possible, segueix la direcci\u00f3 de les lames. No aboquis aigua directament sobre el terra ni utilitzis una fregona amarada. Polvoritza una quantitat moderada de producte sobre la mopa o segueix el sistema indicat pel fabricant.<\/p>\n<\/div><\/div><\/div><div class=\"fusion-layout-column fusion_builder_column fusion-builder-column-19 fusion_builder_column_1_1 1_1 fusion-flex-column\" style=\"--awb-bg-size:cover;--awb-width-large:100%;--awb-margin-top-large:0px;--awb-spacing-right-large:1.92%;--awb-margin-bottom-large:20px;--awb-spacing-left-large:2.56%;--awb-width-medium:100%;--awb-order-medium:0;--awb-spacing-right-medium:1.92%;--awb-spacing-left-medium:1.92%;--awb-width-small:100%;--awb-order-small:0;--awb-spacing-right-small:1.92%;--awb-spacing-left-small:1.92%;\" data-scroll-devices=\"small-visibility,medium-visibility,large-visibility\"><div class=\"fusion-column-wrapper fusion-column-has-shadow fusion-flex-justify-content-flex-start fusion-content-layout-column\"><div class=\"fusion-text fusion-text-22\"><h2>Com aconseguir que el parquet llueixi sense abrillantadors agressius<\/h2>\n<\/div><div class=\"fusion-separator fusion-full-width-sep\" style=\"align-self: center;margin-left: auto;margin-right: auto;margin-top:20px;width:100%;\"><div class=\"fusion-separator-border sep-double\" style=\"--awb-height:20px;--awb-amount:20px;border-color:#e0dede;border-top-width:0px;border-bottom-width:0px;\"><\/div><\/div><div class=\"fusion-text fusion-text-23\"><p>Per recuperar la brillantor, <strong>primer cal identificar per qu\u00e8 el terra es veu apagat<\/strong>. Sovint no li falta abrillantador: li sobra pols fina, producte acumulat o una neteja mal dosificada.<\/p>\n<p>Aspira a fons i neteja\u2019l amb el producte espec\u00edfic adequat. En un terra envernissat, una pel\u00b7l\u00edcula superficial pot requerir una neteja professional o una capa de manteniment. En un terra oliat, l\u2019aspecte mat forma part de l\u2019acabat; quan perd protecci\u00f3, pot necessitar un oli de manteniment compatible.<\/p>\n<p>No utilitzis cera, oli dom\u00e8stic ni restauradors universals per modificar-ne la brillantor. La bellesa de la fusta es troba en la profunditat de la veta i en la uniformitat de l\u2019acabat, no en un reflex artificial.<\/p>\n<\/div><\/div><\/div><div class=\"fusion-layout-column fusion_builder_column fusion-builder-column-20 fusion_builder_column_1_2 1_2 fusion-flex-column\" style=\"--awb-bg-size:cover;--awb-width-large:50%;--awb-margin-top-large:0px;--awb-spacing-right-large:3.84%;--awb-margin-bottom-large:20px;--awb-spacing-left-large:5.12%;--awb-width-medium:100%;--awb-order-medium:0;--awb-spacing-right-medium:1.92%;--awb-spacing-left-medium:1.92%;--awb-width-small:100%;--awb-order-small:0;--awb-spacing-right-small:1.92%;--awb-spacing-left-small:1.92%;\" data-scroll-devices=\"small-visibility,medium-visibility,large-visibility\"><div class=\"fusion-column-wrapper fusion-column-has-shadow fusion-flex-justify-content-flex-start fusion-content-layout-column\"><div class=\"fusion-text fusion-text-24\"><h2>Qu\u00e8 fer si el parquet est\u00e0 molt malm\u00e8s i netejar-lo ja no \u00e9s suficient<\/h2>\n<\/div><div class=\"fusion-separator fusion-full-width-sep\" style=\"align-self: center;margin-left: auto;margin-right: auto;margin-top:20px;width:100%;\"><div class=\"fusion-separator-border sep-double\" style=\"--awb-height:20px;--awb-amount:20px;border-color:#e0dede;border-top-width:0px;border-bottom-width:0px;\"><\/div><\/div><div class=\"fusion-text fusion-text-25\"><p>Un parquet malm\u00e8s no es recupera necess\u00e0riament amb una neteja m\u00e9s intensa. Si presenta zones grises o negres, p\u00e8rdua de l\u2019acabat, ratllades que arriben a la fibra, lames aixecades o taques profundes, conv\u00e9 diagnosticar-ne la causa.<\/p>\n<p>La soluci\u00f3 pot passar per una neteja t\u00e8cnica, una capa de manteniment, una reposici\u00f3 d\u2019oli, un poliment localitzat, la substituci\u00f3 d\u2019una lama o una <a href=\"https:\/\/moskito.es\/ca\/com-restaurar-i-deixar-el-parquet-com-a-nou\/\">restauraci\u00f3 completa.<\/a> No tots els terres admeten els mateixos poliments: aix\u00f2 dep\u00e8n de si s\u00f3n massissos o multicapa i del gruix de la seva capa noble.<\/p>\n<\/div><\/div><\/div><div class=\"fusion-layout-column fusion_builder_column fusion-builder-column-21 fusion_builder_column_1_2 1_2 fusion-flex-column\" style=\"--awb-bg-size:cover;--awb-width-large:50%;--awb-margin-top-large:0px;--awb-spacing-right-large:3.84%;--awb-margin-bottom-large:20px;--awb-spacing-left-large:5.12%;--awb-width-medium:100%;--awb-order-medium:0;--awb-spacing-right-medium:1.92%;--awb-spacing-left-medium:1.92%;--awb-width-small:100%;--awb-order-small:0;--awb-spacing-right-small:1.92%;--awb-spacing-left-small:1.92%;\" data-scroll-devices=\"small-visibility,medium-visibility,large-visibility\"><div class=\"fusion-column-wrapper fusion-column-has-shadow fusion-flex-justify-content-flex-start fusion-content-layout-column\"><div class=\"fusion-image-element\" style=\"--awb-caption-title-font-family:var(--h2_typography-font-family);--awb-caption-title-font-weight:var(--h2_typography-font-weight);--awb-caption-title-font-style:var(--h2_typography-font-style);--awb-caption-title-size:var(--h2_typography-font-size);--awb-caption-title-transform:var(--h2_typography-text-transform);--awb-caption-title-line-height:var(--h2_typography-line-height);--awb-caption-title-letter-spacing:var(--h2_typography-letter-spacing);\"><span class=\" fusion-imageframe imageframe-none imageframe-3 hover-type-none\"><img decoding=\"async\" width=\"1000\" height=\"750\" alt=\"Artes\u00e0 valorant la restauraci\u00f3 d\u2019un parquet malm\u00e8s a Barcelona\" title=\"Artes\u00e0 valorant la restauraci\u00f3 d\u2019un parquet malm\u00e8s a Barcelona\" src=\"https:\/\/moskito.es\/wp-content\/uploads\/2026\/08\/restauracio-parquet-artesa-barcelona.jpg\" class=\"img-responsive wp-image-16143\" srcset=\"https:\/\/moskito.es\/wp-content\/uploads\/2026\/08\/restauracio-parquet-artesa-barcelona-200x150.jpg 200w, https:\/\/moskito.es\/wp-content\/uploads\/2026\/08\/restauracio-parquet-artesa-barcelona-400x300.jpg 400w, https:\/\/moskito.es\/wp-content\/uploads\/2026\/08\/restauracio-parquet-artesa-barcelona-600x450.jpg 600w, https:\/\/moskito.es\/wp-content\/uploads\/2026\/08\/restauracio-parquet-artesa-barcelona-800x600.jpg 800w, https:\/\/moskito.es\/wp-content\/uploads\/2026\/08\/restauracio-parquet-artesa-barcelona.jpg 1000w\" sizes=\"(max-width: 1024px) 100vw, (max-width: 640px) 100vw, 600px\" \/><\/span><\/div><\/div><\/div><\/div><\/div><div class=\"fusion-fullwidth fullwidth-box fusion-builder-row-4 fusion-flex-container nonhundred-percent-fullwidth non-hundred-percent-height-scrolling\" style=\"--awb-border-radius-top-left:0px;--awb-border-radius-top-right:0px;--awb-border-radius-bottom-right:0px;--awb-border-radius-bottom-left:0px;--awb-flex-wrap:wrap;\" ><div class=\"fusion-builder-row fusion-row fusion-flex-align-items-flex-start fusion-flex-content-wrap\" style=\"max-width:1190.8px;margin-left: calc(-4% \/ 2 );margin-right: calc(-4% \/ 2 );\"><div class=\"fusion-layout-column fusion_builder_column fusion-builder-column-22 fusion_builder_column_1_1 1_1 fusion-flex-column\" style=\"--awb-padding-top:20px;--awb-padding-right:20px;--awb-padding-bottom:20px;--awb-padding-left:20px;--awb-bg-color:rgba(242,121,0,0.66);--awb-bg-color-hover:rgba(242,121,0,0.66);--awb-bg-size:cover;--awb-width-large:100%;--awb-margin-top-large:20px;--awb-spacing-right-large:1.92%;--awb-margin-bottom-large:20px;--awb-spacing-left-large:1.92%;--awb-width-medium:100%;--awb-order-medium:0;--awb-spacing-right-medium:1.92%;--awb-spacing-left-medium:1.92%;--awb-width-small:100%;--awb-order-small:0;--awb-spacing-right-small:1.92%;--awb-spacing-left-small:1.92%;\"><div class=\"fusion-column-wrapper fusion-column-has-shadow fusion-flex-justify-content-flex-start fusion-content-layout-column\"><div class=\"fusion-text fusion-text-26\"><p><span style=\"color: #ffffff;\">A <a href=\"https:\/\/moskito.es\/ca\/moskito\/nosaltres\/\">Moskito treballem la fusta des de l\u2019any 1998<\/a>, amb m\u00e9s de 25 anys d\u2019ofici. L\u2019experi\u00e8ncia ens ha ensenyat que, de vegades, el millor consell \u00e9s deixar de provar remeis i observar el terra de prop.<br \/>\nUn professional pot distingir entre brut\u00edcia, desgast, humitat o dany a la fibra i proposar una intervenci\u00f3 proporcionada. Des de Barcelona, i en projectes residencials, de retail o contract d\u2019\u00e0mbit nacional i internacional, el criteri \u00e9s el mateix: conservar la m\u00e0xima quantitat possible de fusta original.<\/span><\/p>\n<\/div><\/div><\/div><\/div><\/div><div class=\"fusion-fullwidth fullwidth-box fusion-builder-row-5 fusion-flex-container has-pattern-background has-mask-background nonhundred-percent-fullwidth non-hundred-percent-height-scrolling\" style=\"--awb-border-radius-top-left:0px;--awb-border-radius-top-right:0px;--awb-border-radius-bottom-right:0px;--awb-border-radius-bottom-left:0px;--awb-flex-wrap:wrap;\" ><div class=\"fusion-builder-row fusion-row fusion-flex-align-items-flex-start fusion-flex-content-wrap\" style=\"max-width:1190.8px;margin-left: calc(-4% \/ 2 );margin-right: calc(-4% \/ 2 );\"><div class=\"fusion-layout-column fusion_builder_column fusion-builder-column-23 fusion_builder_column_3_4 3_4 fusion-flex-column\" style=\"--awb-bg-size:cover;--awb-width-large:75%;--awb-margin-top-large:0px;--awb-spacing-right-large:2.56%;--awb-margin-bottom-large:40px;--awb-spacing-left-large:3.4133333333333%;--awb-width-medium:100%;--awb-order-medium:0;--awb-spacing-right-medium:1.92%;--awb-spacing-left-medium:1.92%;--awb-width-small:100%;--awb-order-small:0;--awb-spacing-right-small:1.92%;--awb-spacing-left-small:1.92%;\" data-scroll-devices=\"small-visibility,medium-visibility,large-visibility\"><div class=\"fusion-column-wrapper fusion-column-has-shadow fusion-flex-justify-content-flex-start fusion-content-layout-column\"><div class=\"fusion-text fusion-text-27\"><h2>Preguntes freq\u00fcents sobre la neteja del parquet<\/h2>\n<\/div><div class=\"fusion-separator fusion-full-width-sep\" style=\"align-self: center;margin-left: auto;margin-right: auto;margin-top:20px;width:100%;\"><div class=\"fusion-separator-border sep-double\" style=\"--awb-height:20px;--awb-amount:20px;border-color:#e0dede;border-top-width:0px;border-bottom-width:0px;\"><\/div><\/div><style type=\"text\/css\">.fusion-faqs-wrapper #accordian-1 .fusion-panel { border-color:var(--awb-color3); }.fusion-faqs-wrapper #accordian-1 .fusion-panel:hover{ border-color: var(--awb-color3); }.fusion-accordian #accordian-1 .panel-title a .fa-fusion-box:before{ font-size: 20px;width: 20px;}.fusion-accordian #accordian-1 .panel-title a .fa-fusion-box{ color: var(--awb-color1);}.fusion-accordian #accordian-1.fusion-toggle-icon-right .fusion-toggle-heading{ margin-right: 38px;}.fusion-accordian  #accordian-1 .panel-title a{font-family:\"Raleway\";font-style:normal;font-weight:200;}.fusion-accordian  #accordian-1 .panel-title a:not(:hover){}.fusion-accordian  #accordian-1 .toggle-content{font-family:\"Raleway\";font-style:normal;font-weight:500;}.fusion-accordian #accordian-1 .fa-fusion-box { background-color: var(--awb-color1) !important;border-color: var(--awb-color1) !important;}.fusion-accordian #accordian-1 .panel-title a:hover,.fusion-accordian #accordian-1 .panel-title a.hover { color: var(--awb-custom14);}.fusion-faq-shortcode .fusion-accordian #accordian-1 .fusion-toggle-boxed-mode:hover .panel-title a { color: var(--awb-custom14);}.fusion-accordian #accordian-1 .panel-title a:hover .fa-fusion-box,.fusion-accordian #accordian-1 .panel-title a.hover .fa-fusion-box { background-color: var(--awb-custom14)!important;border-color: var(--awb-custom14)!important;}.fusion-faqs-wrapper .fusion-accordian #accordian-1 .panel-title a.active{ color: #333333 !important;}.fusion-faqs-wrapper .fusion-accordian #accordian-1 .panel-title .active .fa-fusion-box { background-color: #333333!important;border-color: #333333!important;}<\/style><div class=\"fusion-faq-shortcode\" style=\"\"><div class=\"fusion-faqs-wrapper\"><div class=\"accordian fusion-accordian\"><div class=\"panel-group  fusion-toggle-icon-right\" id=\"accordian-1\"><div class=\"fusion-panel panel-default fusion-faq-post fusion-faq-post-16130 limpieza-del-parquet \"><div class=\"panel-heading\"><h3 id=\"faq_1-16130\" class=\"panel-title toggle\"><a data-toggle=\"collapse\" class=\"collapsed\" data-parent=\"#accordian-1\" data-target=\"#collapse-1-16130\" href=\"#collapse-1-16130\" aria-expanded=\"false\"><div class=\"fusion-toggle-icon-wrapper\"><div class=\"fusion-toggle-icon-wrapper-main\"><div class=\"fusion-toggle-icon-wrapper-sub\"><i class=\"fa-fusion-box active-icon awb-icon-minus\" aria-hidden=\"true\"><\/i><i class=\"fa-fusion-box inactive-icon awb-icon-plus\" aria-hidden=\"true\"><\/i><\/div><\/div><\/div><div class=\"fusion-toggle-heading\">Cada quant s\u2019ha de netejar el parquet?<\/div><\/a><\/h3><\/div><div id=\"collapse-1-16130\" aria-labelledby=\"faq_1-16130\" class=\"panel-collapse collapse\"><div class=\"panel-body toggle-content post-content\"><p>La pols i la sorra s\u2019han de retirar diverses vegades per setmana o segons l\u2019\u00fas del terra. La neteja lleugerament humida es pot fer aproximadament un cop per setmana, amb una mopa ben escorreguda i un producte compatible.<\/p>\n<\/div><\/div><\/div><div class=\"fusion-panel panel-default fusion-faq-post fusion-faq-post-16132 limpieza-del-parquet \"><div class=\"panel-heading\"><h3 id=\"faq_1-16132\" class=\"panel-title toggle\"><a data-toggle=\"collapse\" class=\"collapsed\" data-parent=\"#accordian-1\" data-target=\"#collapse-1-16132\" href=\"#collapse-1-16132\" aria-expanded=\"false\"><div class=\"fusion-toggle-icon-wrapper\"><div class=\"fusion-toggle-icon-wrapper-main\"><div class=\"fusion-toggle-icon-wrapper-sub\"><i class=\"fa-fusion-box active-icon awb-icon-minus\" aria-hidden=\"true\"><\/i><i class=\"fa-fusion-box inactive-icon awb-icon-plus\" aria-hidden=\"true\"><\/i><\/div><\/div><\/div><div class=\"fusion-toggle-heading\">Amb qu\u00e8 es neteja el parquet de fusta?<\/div><\/a><\/h3><\/div><div id=\"collapse-1-16132\" aria-labelledby=\"faq_1-16132\" class=\"panel-collapse collapse\"><div class=\"panel-body toggle-content post-content\"><p>Amb una mopa seca, un aspirador amb cap\u00e7al per a parquet i, quan sigui necessari, una mopa lleugerament humida amb un netejador de pH neutre espec\u00edfic per a l\u2019acabat.<\/p>\n<\/div><\/div><\/div><div class=\"fusion-panel panel-default fusion-faq-post fusion-faq-post-16134 limpieza-del-parquet \"><div class=\"panel-heading\"><h3 id=\"faq_1-16134\" class=\"panel-title toggle\"><a data-toggle=\"collapse\" class=\"collapsed\" data-parent=\"#accordian-1\" data-target=\"#collapse-1-16134\" href=\"#collapse-1-16134\" aria-expanded=\"false\"><div class=\"fusion-toggle-icon-wrapper\"><div class=\"fusion-toggle-icon-wrapper-main\"><div class=\"fusion-toggle-icon-wrapper-sub\"><i class=\"fa-fusion-box active-icon awb-icon-minus\" aria-hidden=\"true\"><\/i><i class=\"fa-fusion-box inactive-icon awb-icon-plus\" aria-hidden=\"true\"><\/i><\/div><\/div><\/div><div class=\"fusion-toggle-heading\">Es pot netejar el parquet amb vinagre de neteja?<\/div><\/a><\/h3><\/div><div id=\"collapse-1-16134\" aria-labelledby=\"faq_1-16134\" class=\"panel-collapse collapse\"><div class=\"panel-body toggle-content post-content\"><p>No \u00e9s aconsellable com a m\u00e8tode habitual. La seva acidesa pot deteriorar o apagar alguns acabats. Nom\u00e9s s\u2019hauria d\u2019utilitzar si el fabricant ho autoritza i en la diluci\u00f3 indicada.<\/p>\n<\/div><\/div><\/div><div class=\"fusion-panel panel-default fusion-faq-post fusion-faq-post-16136 limpieza-del-parquet \"><div class=\"panel-heading\"><h3 id=\"faq_1-16136\" class=\"panel-title toggle\"><a data-toggle=\"collapse\" class=\"collapsed\" data-parent=\"#accordian-1\" data-target=\"#collapse-1-16136\" href=\"#collapse-1-16136\" aria-expanded=\"false\"><div class=\"fusion-toggle-icon-wrapper\"><div class=\"fusion-toggle-icon-wrapper-main\"><div class=\"fusion-toggle-icon-wrapper-sub\"><i class=\"fa-fusion-box active-icon awb-icon-minus\" aria-hidden=\"true\"><\/i><i class=\"fa-fusion-box inactive-icon awb-icon-plus\" aria-hidden=\"true\"><\/i><\/div><\/div><\/div><div class=\"fusion-toggle-heading\">Quins productes no s\u2019han d\u2019utilitzar al parquet?<\/div><\/a><\/h3><\/div><div id=\"collapse-1-16136\" aria-labelledby=\"faq_1-16136\" class=\"panel-collapse collapse\"><div class=\"panel-body toggle-content post-content\"><p>Conv\u00e9 evitar el lleixiu, l\u2019amon\u00edac, els desgreixants, els dissolvents, el vapor, els fregalls abrasius, les ceres universals i l\u2019exc\u00e9s d\u2019aigua.<\/p>\n<\/div><\/div><\/div><div class=\"fusion-panel panel-default fusion-faq-post fusion-faq-post-16138 limpieza-del-parquet \"><div class=\"panel-heading\"><h3 id=\"faq_1-16138\" class=\"panel-title toggle\"><a data-toggle=\"collapse\" class=\"collapsed\" data-parent=\"#accordian-1\" data-target=\"#collapse-1-16138\" href=\"#collapse-1-16138\" aria-expanded=\"false\"><div class=\"fusion-toggle-icon-wrapper\"><div class=\"fusion-toggle-icon-wrapper-main\"><div class=\"fusion-toggle-icon-wrapper-sub\"><i class=\"fa-fusion-box active-icon awb-icon-minus\" aria-hidden=\"true\"><\/i><i class=\"fa-fusion-box inactive-icon awb-icon-plus\" aria-hidden=\"true\"><\/i><\/div><\/div><\/div><div class=\"fusion-toggle-heading\">Com s\u00e9 si el parquet necessita una restauraci\u00f3?<\/div><\/a><\/h3><\/div><div id=\"collapse-1-16138\" aria-labelledby=\"faq_1-16138\" class=\"panel-collapse collapse\"><div class=\"panel-body toggle-content post-content\"><p>Si la taca no desapareix, la fibra est\u00e0 exposada, hi ha ratllades profundes, zones grises, lames deformades o l\u2019acabat ha desaparegut, \u00e9s possible que la neteja no sigui suficient.<\/p>\n<\/div><\/div><\/div><\/div><\/div><\/div><\/div><\/div><\/div><div class=\"fusion-layout-column fusion_builder_column fusion-builder-column-24 fusion_builder_column_1_1 1_1 fusion-flex-column\" style=\"--awb-bg-size:cover;--awb-width-large:100%;--awb-margin-top-large:0px;--awb-spacing-right-large:1.92%;--awb-margin-bottom-large:20px;--awb-spacing-left-large:2.56%;--awb-width-medium:100%;--awb-order-medium:0;--awb-spacing-right-medium:1.92%;--awb-spacing-left-medium:1.92%;--awb-width-small:100%;--awb-order-small:0;--awb-spacing-right-small:1.92%;--awb-spacing-left-small:1.92%;\" data-scroll-devices=\"small-visibility,medium-visibility,large-visibility\"><div class=\"fusion-column-wrapper fusion-column-has-shadow fusion-flex-justify-content-flex-start fusion-content-layout-column\"><div class=\"fusion-text fusion-text-28\"><h2>Tenir cura de la fusta \u00e9s preservar el projecte<\/h2>\n<\/div><div class=\"fusion-separator fusion-full-width-sep\" style=\"align-self: center;margin-left: auto;margin-right: auto;margin-top:20px;width:100%;\"><div class=\"fusion-separator-border sep-double\" style=\"--awb-height:20px;--awb-amount:20px;border-color:#e0dede;border-top-width:0px;border-bottom-width:0px;\"><\/div><\/div><div class=\"fusion-text fusion-text-29\"><p>Un parquet de qualitat pot acompanyar un habitatge durant d\u00e8cades quan es neteja amb m\u00e8tode i s\u2019hi interv\u00e9 a temps. Poca aigua, productes compatibles i una mirada atenta solen ser suficients per al manteniment quotidi\u00e0.<\/p>\n<p>Si desconeixes l\u2019acabat o la taca no respon a una neteja suau, <strong>\u00e9s preferible demanar assessorament abans de continuar provant solucions<\/strong>.<\/p>\n<\/div><\/div><\/div><\/div><\/div><\/p>\n","protected":false},"excerpt":{"rendered":"<p>Netejar correctament el parquet significa respectar la naturalesa de la fusta. Un terra natural \u2014mass\u00eds, multicapa o instal\u00b7lat com a tarima flotant\u2014 no respon igual que un paviment cer\u00e0mic ni que un laminat d\u2019imitaci\u00f3. La humitat, el producte utilitzat i el tipus d\u2019acabat influeixen directament en el resultat.<\/p>\n","protected":false},"author":2,"featured_media":16141,"comment_status":"closed","ping_status":"closed","sticky":false,"template":"","format":"standard","meta":{"footnotes":""},"categories":[],"tags":[],"class_list":["post-5017","post","type-post","status-publish","format-standard","has-post-thumbnail","hentry"],"yoast_head":"<!-- This site is optimized with the Yoast SEO plugin v28.3 - https:\/\/yoast.com\/product\/yoast-seo-wordpress\/ -->\n<title>Com netejar el parquet: consells d\u2019artes\u00e0 | Moskito<\/title>\n<meta name=\"description\" content=\"Guia completa per netejar el parquet amb productes casolans i ecol\u00f2gics, eliminar taques i conservar la brillantor natural de la fusta.\" \/>\n<meta name=\"robots\" content=\"index, follow, max-snippet:-1, max-image-preview:large, max-video-preview:-1\" \/>\n<link rel=\"canonical\" href=\"https:\/\/moskito.es\/ca\/wp-json\/wp\/v2\/posts\/5017\" \/>\n<meta property=\"og:locale\" content=\"ca_ES\" \/>\n<meta property=\"og:type\" content=\"article\" \/>\n<meta property=\"og:title\" content=\"Com netejar el parquet: consells d\u2019artes\u00e0 | Moskito\" \/>\n<meta property=\"og:description\" content=\"Guia completa per netejar el parquet amb productes casolans i ecol\u00f2gics, eliminar taques i conservar la brillantor natural de la fusta.\" \/>\n<meta property=\"og:url\" content=\"https:\/\/moskito.es\/ca\/com-netejar-el-parquet-i-la-tarima-flotant-de-fusta\/\" \/>\n<meta property=\"og:site_name\" content=\"Moskito Parquets\" \/>\n<meta property=\"article:published_time\" content=\"2026-08-04T08:55:24+00:00\" \/>\n<meta property=\"article:modified_time\" content=\"2026-08-05T10:25:34+00:00\" \/>\n<meta property=\"og:image\" content=\"https:\/\/moskito.es\/wp-content\/uploads\/2026\/08\/netejar-parquet-mopa-microfibra.jpg\" \/>\n\t<meta property=\"og:image:width\" content=\"1088\" \/>\n\t<meta property=\"og:image:height\" content=\"726\" \/>\n\t<meta property=\"og:image:type\" content=\"image\/jpeg\" \/>\n<meta name=\"author\" content=\"Xavi Font\" \/>\n<!-- \/ Yoast SEO plugin. -->","yoast_head_json":{"title":"Com netejar el parquet: consells d\u2019artes\u00e0 | Moskito","description":"Guia completa per netejar el parquet amb productes casolans i ecol\u00f2gics, eliminar taques i conservar la brillantor natural de la fusta.","robots":{"index":"index","follow":"follow","max-snippet":"max-snippet:-1","max-image-preview":"max-image-preview:large","max-video-preview":"max-video-preview:-1"},"canonical":"https:\/\/moskito.es\/ca\/wp-json\/wp\/v2\/posts\/5017","og_locale":"ca_ES","og_type":"article","og_title":"Com netejar el parquet: consells d\u2019artes\u00e0 | Moskito","og_description":"Guia completa per netejar el parquet amb productes casolans i ecol\u00f2gics, eliminar taques i conservar la brillantor natural de la fusta.","og_url":"https:\/\/moskito.es\/ca\/com-netejar-el-parquet-i-la-tarima-flotant-de-fusta\/","og_site_name":"Moskito Parquets","article_published_time":"2026-08-04T08:55:24+00:00","article_modified_time":"2026-08-05T10:25:34+00:00","og_image":[{"width":1088,"height":726,"url":"https:\/\/moskito.es\/wp-content\/uploads\/2026\/08\/netejar-parquet-mopa-microfibra.jpg","type":"image\/jpeg"}],"author":"Xavi Font","schema":{"@context":"https:\/\/schema.org","@graph":[{"@type":"Article","@id":"https:\/\/moskito.es\/ca\/com-netejar-el-parquet-i-la-tarima-flotant-de-fusta\/#article","isPartOf":{"@id":"https:\/\/moskito.es\/ca\/com-netejar-el-parquet-i-la-tarima-flotant-de-fusta\/"},"author":{"name":"Xavi Font","@id":"https:\/\/moskito.es\/ca\/#\/schema\/person\/8e9130882b0c880c20c0bba26ea357d7"},"headline":"Com netejar el parquet i la tarima flotant de fusta","datePublished":"2026-08-04T08:55:24+00:00","dateModified":"2026-08-05T10:25:34+00:00","mainEntityOfPage":{"@id":"https:\/\/moskito.es\/ca\/com-netejar-el-parquet-i-la-tarima-flotant-de-fusta\/"},"wordCount":24747,"publisher":{"@id":"https:\/\/moskito.es\/ca\/#organization"},"image":{"@id":"https:\/\/moskito.es\/ca\/com-netejar-el-parquet-i-la-tarima-flotant-de-fusta\/#primaryimage"},"thumbnailUrl":"https:\/\/moskito.es\/wp-content\/uploads\/2026\/08\/netejar-parquet-mopa-microfibra.jpg","inLanguage":"ca"},{"@type":"WebPage","@id":"https:\/\/moskito.es\/ca\/com-netejar-el-parquet-i-la-tarima-flotant-de-fusta\/","url":"https:\/\/moskito.es\/ca\/com-netejar-el-parquet-i-la-tarima-flotant-de-fusta\/","name":"Com netejar el parquet: consells d\u2019artes\u00e0 | Moskito","isPartOf":{"@id":"https:\/\/moskito.es\/ca\/#website"},"primaryImageOfPage":{"@id":"https:\/\/moskito.es\/ca\/com-netejar-el-parquet-i-la-tarima-flotant-de-fusta\/#primaryimage"},"image":{"@id":"https:\/\/moskito.es\/ca\/com-netejar-el-parquet-i-la-tarima-flotant-de-fusta\/#primaryimage"},"thumbnailUrl":"https:\/\/moskito.es\/wp-content\/uploads\/2026\/08\/netejar-parquet-mopa-microfibra.jpg","datePublished":"2026-08-04T08:55:24+00:00","dateModified":"2026-08-05T10:25:34+00:00","description":"Guia completa per netejar el parquet amb productes casolans i ecol\u00f2gics, eliminar taques i conservar la brillantor natural de la fusta.","breadcrumb":{"@id":"https:\/\/moskito.es\/ca\/com-netejar-el-parquet-i-la-tarima-flotant-de-fusta\/#breadcrumb"},"inLanguage":"ca","potentialAction":[{"@type":"ReadAction","target":["https:\/\/moskito.es\/ca\/com-netejar-el-parquet-i-la-tarima-flotant-de-fusta\/"]}]},{"@type":"ImageObject","inLanguage":"ca","@id":"https:\/\/moskito.es\/ca\/com-netejar-el-parquet-i-la-tarima-flotant-de-fusta\/#primaryimage","url":"https:\/\/moskito.es\/wp-content\/uploads\/2026\/08\/netejar-parquet-mopa-microfibra.jpg","contentUrl":"https:\/\/moskito.es\/wp-content\/uploads\/2026\/08\/netejar-parquet-mopa-microfibra.jpg","width":1088,"height":726,"caption":"Com netejar el parquet de roure amb una mopa de microfibra"},{"@type":"BreadcrumbList","@id":"https:\/\/moskito.es\/ca\/com-netejar-el-parquet-i-la-tarima-flotant-de-fusta\/#breadcrumb","itemListElement":[{"@type":"ListItem","position":1,"name":"Portada","item":"https:\/\/moskito.es\/ca\/"},{"@type":"ListItem","position":2,"name":"Com netejar el parquet i la tarima flotant de fusta"}]},{"@type":"WebSite","@id":"https:\/\/moskito.es\/ca\/#website","url":"https:\/\/moskito.es\/ca\/","name":"Parquets Moskito","description":"Los mejores parquets de Barcelona","publisher":{"@id":"https:\/\/moskito.es\/ca\/#organization"},"potentialAction":[{"@type":"SearchAction","target":{"@type":"EntryPoint","urlTemplate":"https:\/\/moskito.es\/ca\/?s={search_term_string}"},"query-input":{"@type":"PropertyValueSpecification","valueRequired":true,"valueName":"search_term_string"}}],"inLanguage":"ca"},{"@type":"Organization","@id":"https:\/\/moskito.es\/ca\/#organization","name":"Mokito","url":"https:\/\/moskito.es\/ca\/","logo":{"@type":"ImageObject","inLanguage":"ca","@id":"https:\/\/moskito.es\/ca\/#\/schema\/logo\/image\/","url":"https:\/\/moskito.es\/wp-content\/uploads\/2016\/04\/logotipo.png","contentUrl":"https:\/\/moskito.es\/wp-content\/uploads\/2016\/04\/logotipo.png","width":151,"height":58,"caption":"Mokito"},"image":{"@id":"https:\/\/moskito.es\/ca\/#\/schema\/logo\/image\/"}},{"@type":"Person","@id":"https:\/\/moskito.es\/ca\/#\/schema\/person\/8e9130882b0c880c20c0bba26ea357d7","name":"Xavi Font","image":{"@type":"ImageObject","inLanguage":"ca","@id":"https:\/\/secure.gravatar.com\/avatar\/4674fac1a7eac08347b1d703376900567caced8dd704c2987c78dc37f20890ee?s=96&d=mm&r=g","url":"https:\/\/secure.gravatar.com\/avatar\/4674fac1a7eac08347b1d703376900567caced8dd704c2987c78dc37f20890ee?s=96&d=mm&r=g","contentUrl":"https:\/\/secure.gravatar.com\/avatar\/4674fac1a7eac08347b1d703376900567caced8dd704c2987c78dc37f20890ee?s=96&d=mm&r=g","caption":"Xavi Font"},"description":"Artesano del parquet. M\u00e1s de 15 a\u00f1os de experiencia en el mundo del parquet. Miembro de la Asociaci\u00f3n Catalana de Industriales del Parquet (ACIP) y de la Federaci\u00f3n Espa\u00f1ola de Pavimentos de Madera (FEPM).","sameAs":["https:\/\/moskito.es\/xavi-font\/"]}]}},"_links":{"self":[{"href":"https:\/\/moskito.es\/ca\/wp-json\/wp\/v2\/posts\/5017","targetHints":{"allow":["GET"]}}],"collection":[{"href":"https:\/\/moskito.es\/ca\/wp-json\/wp\/v2\/posts"}],"about":[{"href":"https:\/\/moskito.es\/ca\/wp-json\/wp\/v2\/types\/post"}],"author":[{"embeddable":true,"href":"https:\/\/moskito.es\/ca\/wp-json\/wp\/v2\/users\/2"}],"replies":[{"embeddable":true,"href":"https:\/\/moskito.es\/ca\/wp-json\/wp\/v2\/comments?post=5017"}],"version-history":[{"count":15,"href":"https:\/\/moskito.es\/ca\/wp-json\/wp\/v2\/posts\/5017\/revisions"}],"predecessor-version":[{"id":16159,"href":"https:\/\/moskito.es\/ca\/wp-json\/wp\/v2\/posts\/5017\/revisions\/16159"}],"wp:featuredmedia":[{"embeddable":true,"href":"https:\/\/moskito.es\/ca\/wp-json\/wp\/v2\/media\/16141"}],"wp:attachment":[{"href":"https:\/\/moskito.es\/ca\/wp-json\/wp\/v2\/media?parent=5017"}],"wp:term":[{"taxonomy":"category","embeddable":true,"href":"https:\/\/moskito.es\/ca\/wp-json\/wp\/v2\/categories?post=5017"},{"taxonomy":"post_tag","embeddable":true,"href":"https:\/\/moskito.es\/ca\/wp-json\/wp\/v2\/tags?post=5017"}],"curies":[{"name":"wp","href":"https:\/\/api.w.org\/{rel}","templated":true}]}}