{"id":7030,"date":"2024-05-31T15:02:45","date_gmt":"2024-05-31T15:02:45","guid":{"rendered":"https:\/\/moskito.es\/?p=7030"},"modified":"2026-06-23T08:35:16","modified_gmt":"2026-06-23T08:35:16","slug":"historia-del-parquet-segona-part","status":"publish","type":"post","link":"https:\/\/moskito.es\/ca\/historia-del-parquet-segona-part\/","title":{"rendered":"El parquet en l&#8217;actualitat: innovacions del segle XX"},"content":{"rendered":"<p><div class=\"fusion-fullwidth fullwidth-box fusion-builder-row-1 fusion-flex-container nonhundred-percent-fullwidth non-hundred-percent-height-scrolling\" style=\"--awb-border-radius-top-left:0px;--awb-border-radius-top-right:0px;--awb-border-radius-bottom-right:0px;--awb-border-radius-bottom-left:0px;--awb-flex-wrap:wrap;\" ><div class=\"fusion-builder-row fusion-row fusion-flex-align-items-flex-start fusion-flex-content-wrap\" style=\"max-width:1190.8px;margin-left: calc(-4% \/ 2 );margin-right: calc(-4% \/ 2 );\"><div class=\"fusion-layout-column fusion_builder_column fusion-builder-column-0 fusion_builder_column_1_1 1_1 fusion-flex-column\" style=\"--awb-bg-size:cover;--awb-width-large:100%;--awb-margin-top-large:0px;--awb-spacing-right-large:1.92%;--awb-margin-bottom-large:0px;--awb-spacing-left-large:1.92%;--awb-width-medium:100%;--awb-spacing-right-medium:1.92%;--awb-spacing-left-medium:1.92%;--awb-width-small:100%;--awb-spacing-right-small:1.92%;--awb-spacing-left-small:1.92%;\"><div class=\"fusion-column-wrapper fusion-flex-justify-content-flex-start fusion-content-layout-column\"><div class=\"fusion-text fusion-text-1\"><p>Amb el segle XX, van arribar nous temps tamb\u00e9 per al parquet, amb <strong>formats de l\u00e0mines m\u00e9s curtes i dissenys senzills<\/strong> que han perdurat fins als nostres dies.<\/p>\n<p>Aix\u00ed, el cl\u00e0ssic parquet a l&#8217;anglesa amb junta lliure o regular, el d&#8217;espiga i les seves variants, o el parquet de \u00abpunta Hongria\u00bb es van convertir en parquets habituals, juntament amb els dissenys lineals simples en llosetes o panells, que <strong>s&#8217;instal\u00b7laven <em>in situ <\/em>mitjan\u00e7ant petits talls o caixejats<\/strong>.<br \/>\n<!--more--><\/p>\n<\/div><\/div><\/div><div class=\"fusion-layout-column fusion_builder_column fusion-builder-column-1 fusion_builder_column_1_1 1_1 fusion-flex-column\" style=\"--awb-bg-size:cover;--awb-width-large:100%;--awb-margin-top-large:0px;--awb-spacing-right-large:1.92%;--awb-margin-bottom-large:0px;--awb-spacing-left-large:1.92%;--awb-width-medium:100%;--awb-spacing-right-medium:1.92%;--awb-spacing-left-medium:1.92%;--awb-width-small:100%;--awb-spacing-right-small:1.92%;--awb-spacing-left-small:1.92%;\"><div class=\"fusion-column-wrapper fusion-flex-justify-content-flex-start fusion-content-layout-column\"><div class=\"fusion-separator fusion-full-width-sep\" style=\"align-self: center;margin-left: auto;margin-right: auto;margin-top:30px;width:100%;\"><div class=\"fusion-separator-border sep-single sep-solid\" style=\"--awb-height:20px;--awb-amount:20px;border-color:#e0dede;border-top-width:0px;\"><\/div><\/div><div class=\"fusion-text fusion-text-2\"><p>El terme \u00abacuchillador\u00bb, encara en \u00fas entre els nostres majors, fa refer\u00e8ncia al fet que <strong>fa no gaire els <\/strong><strong>pisos de parquet<\/strong><strong> es restauraven a ganivet<\/strong> o mitjan\u00e7ant aixes modificades.<\/p>\n<\/div><\/div><\/div><div class=\"fusion-layout-column fusion_builder_column fusion-builder-column-2 fusion_builder_column_1_6 1_6 fusion-flex-column\" style=\"--awb-bg-size:cover;--awb-width-large:16.666666666667%;--awb-margin-top-large:0px;--awb-spacing-right-large:11.52%;--awb-margin-bottom-large:20px;--awb-spacing-left-large:11.52%;--awb-width-medium:100%;--awb-order-medium:0;--awb-spacing-right-medium:1.92%;--awb-spacing-left-medium:1.92%;--awb-width-small:100%;--awb-order-small:0;--awb-spacing-right-small:1.92%;--awb-spacing-left-small:1.92%;\"><div class=\"fusion-column-wrapper fusion-column-has-shadow fusion-flex-justify-content-flex-start fusion-content-layout-column\"><\/div><\/div><div class=\"fusion-layout-column fusion_builder_column fusion-builder-column-3 fusion_builder_column_2_3 2_3 fusion-flex-column\" style=\"--awb-bg-size:cover;--awb-width-large:66.666666666667%;--awb-margin-top-large:0px;--awb-spacing-right-large:2.88%;--awb-margin-bottom-large:20px;--awb-spacing-left-large:2.88%;--awb-width-medium:100%;--awb-order-medium:0;--awb-spacing-right-medium:1.92%;--awb-spacing-left-medium:1.92%;--awb-width-small:100%;--awb-order-small:0;--awb-spacing-right-small:1.92%;--awb-spacing-left-small:1.92%;\"><div class=\"fusion-column-wrapper fusion-column-has-shadow fusion-flex-justify-content-flex-start fusion-content-layout-column\"><div class=\"fusion-image-element\" style=\"--awb-caption-title-font-family:var(--h2_typography-font-family);--awb-caption-title-font-weight:var(--h2_typography-font-weight);--awb-caption-title-font-style:var(--h2_typography-font-style);--awb-caption-title-size:var(--h2_typography-font-size);--awb-caption-title-transform:var(--h2_typography-text-transform);--awb-caption-title-line-height:var(--h2_typography-line-height);--awb-caption-title-letter-spacing:var(--h2_typography-letter-spacing);\"><span class=\" fusion-imageframe imageframe-none imageframe-1 hover-type-none\"><img decoding=\"async\" width=\"828\" height=\"584\" alt=\"Quadre de parquetistas de Gustave Caillebotte.\" title=\"Quadre de parquetistas de Gustave Caillebotte.\" src=\"https:\/\/moskito.es\/wp-content\/uploads\/2023\/06\/parquetistes.jpg\" class=\"img-responsive wp-image-7041\" srcset=\"https:\/\/moskito.es\/wp-content\/uploads\/2023\/06\/parquetistes-200x141.jpg 200w, https:\/\/moskito.es\/wp-content\/uploads\/2023\/06\/parquetistes-400x282.jpg 400w, https:\/\/moskito.es\/wp-content\/uploads\/2023\/06\/parquetistes-600x423.jpg 600w, https:\/\/moskito.es\/wp-content\/uploads\/2023\/06\/parquetistes-800x564.jpg 800w, https:\/\/moskito.es\/wp-content\/uploads\/2023\/06\/parquetistes.jpg 828w\" sizes=\"(max-width: 1024px) 100vw, (max-width: 640px) 100vw, 800px\" \/><\/span><\/div><div class=\"fusion-text fusion-text-3\"><p style=\"text-align: center;\"><strong><em>Quadre de parquetistas de Gustave Caillebotte (1875) i (1876).<br \/><\/em><\/strong><em>Font de la imatge: Mus\u00e9e d\u2019Orsay, Paris.<\/em><\/p>\n<\/div><\/div><\/div><div class=\"fusion-layout-column fusion_builder_column fusion-builder-column-4 fusion_builder_column_1_6 1_6 fusion-flex-column\" style=\"--awb-bg-size:cover;--awb-width-large:16.666666666667%;--awb-margin-top-large:0px;--awb-spacing-right-large:11.52%;--awb-margin-bottom-large:20px;--awb-spacing-left-large:11.52%;--awb-width-medium:100%;--awb-order-medium:0;--awb-spacing-right-medium:1.92%;--awb-spacing-left-medium:1.92%;--awb-width-small:100%;--awb-order-small:0;--awb-spacing-right-small:1.92%;--awb-spacing-left-small:1.92%;\"><div class=\"fusion-column-wrapper fusion-column-has-shadow fusion-flex-justify-content-flex-start fusion-content-layout-column\"><\/div><\/div><div class=\"fusion-layout-column fusion_builder_column fusion-builder-column-5 fusion_builder_column_1_1 1_1 fusion-flex-column\" style=\"--awb-bg-size:cover;--awb-width-large:100%;--awb-margin-top-large:0px;--awb-spacing-right-large:1.92%;--awb-margin-bottom-large:0px;--awb-spacing-left-large:1.92%;--awb-width-medium:100%;--awb-spacing-right-medium:1.92%;--awb-spacing-left-medium:1.92%;--awb-width-small:100%;--awb-spacing-right-small:1.92%;--awb-spacing-left-small:1.92%;\"><div class=\"fusion-column-wrapper fusion-flex-justify-content-flex-start fusion-content-layout-column\"><div class=\"fusion-separator fusion-full-width-sep\" style=\"align-self: center;margin-left: auto;margin-right: auto;margin-top:30px;width:100%;\"><div class=\"fusion-separator-border sep-single sep-solid\" style=\"--awb-height:20px;--awb-amount:20px;border-color:#e0dede;border-top-width:0px;\"><\/div><\/div><div class=\"fusion-text fusion-text-4\"><p>Ara com ara, els s\u00f2ls de parquet <strong>es poleixen amb potents i pesades fregadores<\/strong> que permeten fer el treball dempeus i compten amb un sistema d&#8217;aspiraci\u00f3 de pols. \u00c9s aquesta combinaci\u00f3 de pot\u00e8ncia\/pes la que facilita el treball del parquetista.<\/p>\n<\/div><\/div><\/div><div class=\"fusion-layout-column fusion_builder_column fusion-builder-column-6 fusion_builder_column_1_6 1_6 fusion-flex-column\" style=\"--awb-bg-size:cover;--awb-width-large:16.666666666667%;--awb-margin-top-large:0px;--awb-spacing-right-large:11.52%;--awb-margin-bottom-large:20px;--awb-spacing-left-large:11.52%;--awb-width-medium:100%;--awb-order-medium:0;--awb-spacing-right-medium:1.92%;--awb-spacing-left-medium:1.92%;--awb-width-small:100%;--awb-order-small:0;--awb-spacing-right-small:1.92%;--awb-spacing-left-small:1.92%;\"><div class=\"fusion-column-wrapper fusion-column-has-shadow fusion-flex-justify-content-flex-start fusion-content-layout-column\"><\/div><\/div><div class=\"fusion-layout-column fusion_builder_column fusion-builder-column-7 fusion_builder_column_2_3 2_3 fusion-flex-column\" style=\"--awb-bg-size:cover;--awb-width-large:66.666666666667%;--awb-margin-top-large:0px;--awb-spacing-right-large:2.88%;--awb-margin-bottom-large:20px;--awb-spacing-left-large:2.88%;--awb-width-medium:100%;--awb-order-medium:0;--awb-spacing-right-medium:1.92%;--awb-spacing-left-medium:1.92%;--awb-width-small:100%;--awb-order-small:0;--awb-spacing-right-small:1.92%;--awb-spacing-left-small:1.92%;\"><div class=\"fusion-column-wrapper fusion-column-has-shadow fusion-flex-justify-content-flex-start fusion-content-layout-column\"><div class=\"fusion-image-element\" style=\"--awb-caption-title-font-family:var(--h2_typography-font-family);--awb-caption-title-font-weight:var(--h2_typography-font-weight);--awb-caption-title-font-style:var(--h2_typography-font-style);--awb-caption-title-size:var(--h2_typography-font-size);--awb-caption-title-transform:var(--h2_typography-text-transform);--awb-caption-title-line-height:var(--h2_typography-line-height);--awb-caption-title-letter-spacing:var(--h2_typography-letter-spacing);\"><span class=\" fusion-imageframe imageframe-none imageframe-2 hover-type-none\"><img decoding=\"async\" width=\"1088\" height=\"726\" alt=\"Els pisos de parquet es poleixen amb potents fregadores.\" title=\"Els pisos de parquet es poleixen amb potents fregadores.\" src=\"https:\/\/moskito.es\/wp-content\/uploads\/2023\/06\/parquet-polit.jpg\" class=\"img-responsive wp-image-7042\" srcset=\"https:\/\/moskito.es\/wp-content\/uploads\/2023\/06\/parquet-polit-200x133.jpg 200w, https:\/\/moskito.es\/wp-content\/uploads\/2023\/06\/parquet-polit-400x267.jpg 400w, https:\/\/moskito.es\/wp-content\/uploads\/2023\/06\/parquet-polit-600x400.jpg 600w, https:\/\/moskito.es\/wp-content\/uploads\/2023\/06\/parquet-polit-800x534.jpg 800w, https:\/\/moskito.es\/wp-content\/uploads\/2023\/06\/parquet-polit.jpg 1088w\" sizes=\"(max-width: 1024px) 100vw, (max-width: 640px) 100vw, 800px\" \/><\/span><\/div><div class=\"fusion-text fusion-text-5\"><p style=\"text-align: center;\"><strong><em>Imatge moderna d&#8217;una restauraci\u00f3 de parquet.<\/em><\/strong><\/p>\n<\/div><\/div><\/div><div class=\"fusion-layout-column fusion_builder_column fusion-builder-column-8 fusion_builder_column_1_6 1_6 fusion-flex-column\" style=\"--awb-bg-size:cover;--awb-width-large:16.666666666667%;--awb-margin-top-large:0px;--awb-spacing-right-large:11.52%;--awb-margin-bottom-large:20px;--awb-spacing-left-large:11.52%;--awb-width-medium:100%;--awb-order-medium:0;--awb-spacing-right-medium:1.92%;--awb-spacing-left-medium:1.92%;--awb-width-small:100%;--awb-order-small:0;--awb-spacing-right-small:1.92%;--awb-spacing-left-small:1.92%;\"><div class=\"fusion-column-wrapper fusion-column-has-shadow fusion-flex-justify-content-flex-start fusion-content-layout-column\"><\/div><\/div><\/div><\/div><div class=\"fusion-fullwidth fullwidth-box fusion-builder-row-2 fusion-flex-container has-pattern-background has-mask-background nonhundred-percent-fullwidth non-hundred-percent-height-scrolling\" style=\"--awb-border-radius-top-left:0px;--awb-border-radius-top-right:0px;--awb-border-radius-bottom-right:0px;--awb-border-radius-bottom-left:0px;--awb-flex-wrap:wrap;\" ><div class=\"fusion-builder-row fusion-row fusion-flex-align-items-flex-start fusion-flex-content-wrap\" style=\"max-width:1190.8px;margin-left: calc(-4% \/ 2 );margin-right: calc(-4% \/ 2 );\"><div class=\"fusion-layout-column fusion_builder_column fusion-builder-column-9 fusion_builder_column_1_1 1_1 fusion-flex-column\" style=\"--awb-bg-size:cover;--awb-width-large:100%;--awb-margin-top-large:0px;--awb-spacing-right-large:1.92%;--awb-margin-bottom-large:20px;--awb-spacing-left-large:1.92%;--awb-width-medium:100%;--awb-order-medium:0;--awb-spacing-right-medium:1.92%;--awb-spacing-left-medium:1.92%;--awb-width-small:100%;--awb-order-small:0;--awb-spacing-right-small:1.92%;--awb-spacing-left-small:1.92%;\"><div class=\"fusion-column-wrapper fusion-column-has-shadow fusion-flex-justify-content-flex-start fusion-content-layout-column\"><div class=\"fusion-text fusion-text-6\"><h2><strong>Una nova manera de fabricar el parquet<\/strong><\/h2>\n<\/div><\/div><\/div><div class=\"fusion-layout-column fusion_builder_column fusion-builder-column-10 fusion_builder_column_1_1 1_1 fusion-flex-column\" style=\"--awb-bg-size:cover;--awb-width-large:100%;--awb-margin-top-large:0px;--awb-spacing-right-large:1.92%;--awb-margin-bottom-large:20px;--awb-spacing-left-large:1.92%;--awb-width-medium:100%;--awb-order-medium:0;--awb-spacing-right-medium:1.92%;--awb-spacing-left-medium:1.92%;--awb-width-small:100%;--awb-order-small:0;--awb-spacing-right-small:1.92%;--awb-spacing-left-small:1.92%;\"><div class=\"fusion-column-wrapper fusion-column-has-shadow fusion-flex-justify-content-flex-start fusion-content-layout-column\"><div class=\"fusion-text fusion-text-7\"><p>Malgrat la seva popularitzaci\u00f3, a principis del segle XX els paviments de fusta eren considerats encara un revestiment noble. <strong>Va ser amb la industrialitzaci\u00f3 quan<\/strong> <strong>es va revolucionar per complet la seva fabricaci\u00f3 i van apar\u00e8ixer nous oficis<\/strong> com el de soleristes, enrastreladors o polidors, a m\u00e9s dels propis parquetistes, fins llavors coneguts com entarimadors.<\/p>\n<p>Malgrat que les tarimes encolades van comen\u00e7ar a substituir a les tarimes clavades sobre rastreles, aquestes es van continuar emprant en zones fredes (la cambra d&#8217;aire que crea el rastrel ajuda a a\u00efllar del fred) i en exteriors, on \u00e9s l&#8217;\u00fanic sistema possible.<\/p>\n<p>Com a adhesiu en els s\u00f2ls encolats, <strong>es va emprar la brea fins pr\u00e0cticament els anys 60<\/strong> en qu\u00e8 va ser substitu\u00efda per productes m\u00e9s moderns que, a poc a poc, han derivat en els actuals adhesius sostenibles i no t\u00f2xics.<\/p>\n<\/div><\/div><\/div><div class=\"fusion-layout-column fusion_builder_column fusion-builder-column-11 fusion_builder_column_1_3 1_3 fusion-flex-column\" style=\"--awb-bg-size:cover;--awb-width-large:33.333333333333%;--awb-margin-top-large:0px;--awb-spacing-right-large:5.76%;--awb-margin-bottom-large:20px;--awb-spacing-left-large:5.76%;--awb-width-medium:100%;--awb-order-medium:0;--awb-spacing-right-medium:1.92%;--awb-spacing-left-medium:1.92%;--awb-width-small:100%;--awb-order-small:0;--awb-spacing-right-small:1.92%;--awb-spacing-left-small:1.92%;\"><div class=\"fusion-column-wrapper fusion-column-has-shadow fusion-flex-justify-content-flex-start fusion-content-layout-column\"><div class=\"fusion-image-element\" style=\"--awb-caption-title-font-family:var(--h2_typography-font-family);--awb-caption-title-font-weight:var(--h2_typography-font-weight);--awb-caption-title-font-style:var(--h2_typography-font-style);--awb-caption-title-size:var(--h2_typography-font-size);--awb-caption-title-transform:var(--h2_typography-text-transform);--awb-caption-title-line-height:var(--h2_typography-line-height);--awb-caption-title-letter-spacing:var(--h2_typography-letter-spacing);\"><span class=\" fusion-imageframe imageframe-none imageframe-3 hover-type-none\"><img decoding=\"async\" width=\"1000\" height=\"667\" alt=\"Tarima encolada en el interior de una vivienda.\" title=\"Tarima encolada a l&#8217;interior d&#8217;un habitatge.\" src=\"https:\/\/moskito.es\/wp-content\/uploads\/2023\/06\/tarima-interior-1.jpg\" class=\"img-responsive wp-image-7043\" srcset=\"https:\/\/moskito.es\/wp-content\/uploads\/2023\/06\/tarima-interior-1-200x133.jpg 200w, https:\/\/moskito.es\/wp-content\/uploads\/2023\/06\/tarima-interior-1-400x267.jpg 400w, https:\/\/moskito.es\/wp-content\/uploads\/2023\/06\/tarima-interior-1-600x400.jpg 600w, https:\/\/moskito.es\/wp-content\/uploads\/2023\/06\/tarima-interior-1-800x534.jpg 800w, https:\/\/moskito.es\/wp-content\/uploads\/2023\/06\/tarima-interior-1.jpg 1000w\" sizes=\"(max-width: 1024px) 100vw, (max-width: 640px) 100vw, 400px\" \/><\/span><\/div><div class=\"fusion-text fusion-text-8\"><p style=\"text-align: center;\"><strong><em>Tarima interior.<\/em><\/strong><\/p>\n<\/div><\/div><\/div><div class=\"fusion-layout-column fusion_builder_column fusion-builder-column-12 fusion_builder_column_1_3 1_3 fusion-flex-column\" style=\"--awb-bg-size:cover;--awb-width-large:33.333333333333%;--awb-margin-top-large:0px;--awb-spacing-right-large:5.76%;--awb-margin-bottom-large:20px;--awb-spacing-left-large:5.76%;--awb-width-medium:100%;--awb-order-medium:0;--awb-spacing-right-medium:1.92%;--awb-spacing-left-medium:1.92%;--awb-width-small:100%;--awb-order-small:0;--awb-spacing-right-small:1.92%;--awb-spacing-left-small:1.92%;\"><div class=\"fusion-column-wrapper fusion-column-has-shadow fusion-flex-justify-content-flex-start fusion-content-layout-column\"><div class=\"fusion-image-element\" style=\"--awb-caption-title-font-family:var(--h2_typography-font-family);--awb-caption-title-font-weight:var(--h2_typography-font-weight);--awb-caption-title-font-style:var(--h2_typography-font-style);--awb-caption-title-size:var(--h2_typography-font-size);--awb-caption-title-transform:var(--h2_typography-text-transform);--awb-caption-title-line-height:var(--h2_typography-line-height);--awb-caption-title-letter-spacing:var(--h2_typography-letter-spacing);\"><span class=\" fusion-imageframe imageframe-none imageframe-4 hover-type-none\"><img decoding=\"async\" width=\"1000\" height=\"667\" alt=\"Col\u00b7locaci\u00f3 de tarima exterior de fusta.\" title=\"Col\u00b7locaci\u00f3 de tarima exterior de fusta.\" src=\"https:\/\/moskito.es\/wp-content\/uploads\/2023\/06\/tarima-exterior-colocacio.jpg\" class=\"img-responsive wp-image-7044\" srcset=\"https:\/\/moskito.es\/wp-content\/uploads\/2023\/06\/tarima-exterior-colocacio-200x133.jpg 200w, https:\/\/moskito.es\/wp-content\/uploads\/2023\/06\/tarima-exterior-colocacio-400x267.jpg 400w, https:\/\/moskito.es\/wp-content\/uploads\/2023\/06\/tarima-exterior-colocacio-600x400.jpg 600w, https:\/\/moskito.es\/wp-content\/uploads\/2023\/06\/tarima-exterior-colocacio-800x534.jpg 800w, https:\/\/moskito.es\/wp-content\/uploads\/2023\/06\/tarima-exterior-colocacio.jpg 1000w\" sizes=\"(max-width: 1024px) 100vw, (max-width: 640px) 100vw, 400px\" \/><\/span><\/div><div class=\"fusion-text fusion-text-9\"><p style=\"text-align: center;\"><strong><em>Tarima exterior.<\/em><\/strong><\/p>\n<\/div><\/div><\/div><div class=\"fusion-layout-column fusion_builder_column fusion-builder-column-13 fusion_builder_column_1_3 1_3 fusion-flex-column\" style=\"--awb-bg-size:cover;--awb-width-large:33.333333333333%;--awb-margin-top-large:0px;--awb-spacing-right-large:5.76%;--awb-margin-bottom-large:20px;--awb-spacing-left-large:5.76%;--awb-width-medium:100%;--awb-order-medium:0;--awb-spacing-right-medium:1.92%;--awb-spacing-left-medium:1.92%;--awb-width-small:100%;--awb-order-small:0;--awb-spacing-right-small:1.92%;--awb-spacing-left-small:1.92%;\"><div class=\"fusion-column-wrapper fusion-column-has-shadow fusion-flex-justify-content-flex-start fusion-content-layout-column\"><div class=\"fusion-image-element\" style=\"--awb-caption-title-font-family:var(--h2_typography-font-family);--awb-caption-title-font-weight:var(--h2_typography-font-weight);--awb-caption-title-font-style:var(--h2_typography-font-style);--awb-caption-title-size:var(--h2_typography-font-size);--awb-caption-title-transform:var(--h2_typography-text-transform);--awb-caption-title-line-height:var(--h2_typography-line-height);--awb-caption-title-letter-spacing:var(--h2_typography-letter-spacing);\"><span class=\" fusion-imageframe imageframe-none imageframe-5 hover-type-none\"><img decoding=\"async\" width=\"1000\" height=\"667\" alt=\"Col\u00b7locaci\u00f3 de tarima de fusta encolada.\" title=\"Col\u00b7locaci\u00f3 de tarima de fusta encolada.\" src=\"https:\/\/moskito.es\/wp-content\/uploads\/2023\/06\/tarima-encolada-colocacio.jpg\" class=\"img-responsive wp-image-7045\" srcset=\"https:\/\/moskito.es\/wp-content\/uploads\/2023\/06\/tarima-encolada-colocacio-200x133.jpg 200w, https:\/\/moskito.es\/wp-content\/uploads\/2023\/06\/tarima-encolada-colocacio-400x267.jpg 400w, https:\/\/moskito.es\/wp-content\/uploads\/2023\/06\/tarima-encolada-colocacio-600x400.jpg 600w, https:\/\/moskito.es\/wp-content\/uploads\/2023\/06\/tarima-encolada-colocacio-800x534.jpg 800w, https:\/\/moskito.es\/wp-content\/uploads\/2023\/06\/tarima-encolada-colocacio.jpg 1000w\" sizes=\"(max-width: 1024px) 100vw, (max-width: 640px) 100vw, 400px\" \/><\/span><\/div><div class=\"fusion-text fusion-text-10\"><p style=\"text-align: center;\"><strong><em>Tarima encolada.<\/em><\/strong><\/p>\n<\/div><\/div><\/div><\/div><\/div><div class=\"fusion-fullwidth fullwidth-box fusion-builder-row-3 fusion-flex-container has-pattern-background has-mask-background nonhundred-percent-fullwidth non-hundred-percent-height-scrolling\" style=\"--awb-border-radius-top-left:0px;--awb-border-radius-top-right:0px;--awb-border-radius-bottom-right:0px;--awb-border-radius-bottom-left:0px;--awb-flex-wrap:wrap;\" ><div class=\"fusion-builder-row fusion-row fusion-flex-align-items-flex-start fusion-flex-content-wrap\" style=\"max-width:1190.8px;margin-left: calc(-4% \/ 2 );margin-right: calc(-4% \/ 2 );\"><div class=\"fusion-layout-column fusion_builder_column fusion-builder-column-14 fusion_builder_column_1_1 1_1 fusion-flex-column\" style=\"--awb-bg-size:cover;--awb-width-large:100%;--awb-margin-top-large:0px;--awb-spacing-right-large:1.92%;--awb-margin-bottom-large:20px;--awb-spacing-left-large:1.92%;--awb-width-medium:100%;--awb-order-medium:0;--awb-spacing-right-medium:1.92%;--awb-spacing-left-medium:1.92%;--awb-width-small:100%;--awb-order-small:0;--awb-spacing-right-small:1.92%;--awb-spacing-left-small:1.92%;\"><div class=\"fusion-column-wrapper fusion-column-has-shadow fusion-flex-justify-content-flex-start fusion-content-layout-column\"><div class=\"fusion-text fusion-text-11\"><h2><strong>El parquet en una Europa en guerra<\/strong><\/h2>\n<\/div><\/div><\/div><div class=\"fusion-layout-column fusion_builder_column fusion-builder-column-15 fusion_builder_column_1_1 1_1 fusion-flex-column\" style=\"--awb-bg-size:cover;--awb-width-large:100%;--awb-margin-top-large:0px;--awb-spacing-right-large:1.92%;--awb-margin-bottom-large:20px;--awb-spacing-left-large:1.92%;--awb-width-medium:100%;--awb-order-medium:0;--awb-spacing-right-medium:1.92%;--awb-spacing-left-medium:1.92%;--awb-width-small:100%;--awb-order-small:0;--awb-spacing-right-small:1.92%;--awb-spacing-left-small:1.92%;\"><div class=\"fusion-column-wrapper fusion-column-has-shadow fusion-flex-justify-content-flex-start fusion-content-layout-column\"><div class=\"fusion-text fusion-text-12\"><p>A partir de 1920, comen\u00e7a a escassejar la fusta de roure que havia predominat fins llavors i es comen\u00e7a a experimentar amb un altre tipus de fustes.<\/p>\n<p>La col\u00b7locaci\u00f3 en tablilles encolades permet formats molt petits com la \u00abdama\u00bb, per a <strong>un millor aprofitament dels escassos recursos disponibles en una Europa en guerra<\/strong>.<\/p>\n<p>Parlant de la guerra, els primers portaavions van rec\u00f3rrer a les cobertes de vol amb entarimat de fusta per a aprofitar la relaci\u00f3 resist\u00e8ncia\/pes, encara que al poc es van tornar a blindar aquestes plataformes.<\/p>\n<\/div><\/div><\/div><div class=\"fusion-layout-column fusion_builder_column fusion-builder-column-16 fusion_builder_column_1_1 1_1 fusion-flex-column\" style=\"--awb-bg-size:cover;--awb-width-large:100%;--awb-margin-top-large:0px;--awb-spacing-right-large:1.92%;--awb-margin-bottom-large:20px;--awb-spacing-left-large:1.92%;--awb-width-medium:100%;--awb-order-medium:0;--awb-spacing-right-medium:1.92%;--awb-spacing-left-medium:1.92%;--awb-width-small:100%;--awb-order-small:0;--awb-spacing-right-small:1.92%;--awb-spacing-left-small:1.92%;\"><div class=\"fusion-column-wrapper fusion-column-has-shadow fusion-flex-justify-content-flex-start fusion-content-layout-column\"><div class=\"fusion-image-element\" style=\"text-align:center;--awb-caption-title-font-family:var(--h2_typography-font-family);--awb-caption-title-font-weight:var(--h2_typography-font-weight);--awb-caption-title-font-style:var(--h2_typography-font-style);--awb-caption-title-size:var(--h2_typography-font-size);--awb-caption-title-transform:var(--h2_typography-text-transform);--awb-caption-title-line-height:var(--h2_typography-line-height);--awb-caption-title-letter-spacing:var(--h2_typography-letter-spacing);\"><span class=\" fusion-imageframe imageframe-none imageframe-6 hover-type-none\"><img decoding=\"async\" width=\"677\" height=\"584\" alt=\"Coberta de fusta d&#039;un portaavions de la Segona Guerra Mundial.\" title=\"Coberta de fusta d&#8217;un portaavions de la Segona Guerra Mundial.\" src=\"https:\/\/moskito.es\/wp-content\/uploads\/2023\/06\/coberta-fusta-portaavions-1.jpg\" class=\"img-responsive wp-image-7072\" srcset=\"https:\/\/moskito.es\/wp-content\/uploads\/2023\/06\/coberta-fusta-portaavions-1-200x173.jpg 200w, https:\/\/moskito.es\/wp-content\/uploads\/2023\/06\/coberta-fusta-portaavions-1-400x345.jpg 400w, https:\/\/moskito.es\/wp-content\/uploads\/2023\/06\/coberta-fusta-portaavions-1-600x518.jpg 600w, https:\/\/moskito.es\/wp-content\/uploads\/2023\/06\/coberta-fusta-portaavions-1.jpg 677w\" sizes=\"(max-width: 1024px) 100vw, (max-width: 640px) 100vw, 677px\" \/><\/span><\/div><div class=\"fusion-text fusion-text-13\"><p style=\"text-align: center;\"><strong><em>Coberta de portaavions de la Segona Guerra Mundial.<\/em><\/strong><\/p>\n<\/div><\/div><\/div><div class=\"fusion-layout-column fusion_builder_column fusion-builder-column-17 fusion_builder_column_1_3 1_3 fusion-flex-column\" style=\"--awb-bg-size:cover;--awb-width-large:33.333333333333%;--awb-margin-top-large:0px;--awb-spacing-right-large:5.76%;--awb-margin-bottom-large:20px;--awb-spacing-left-large:5.76%;--awb-width-medium:100%;--awb-order-medium:0;--awb-spacing-right-medium:1.92%;--awb-spacing-left-medium:1.92%;--awb-width-small:100%;--awb-order-small:0;--awb-spacing-right-small:1.92%;--awb-spacing-left-small:1.92%;\"><div class=\"fusion-column-wrapper fusion-column-has-shadow fusion-flex-justify-content-flex-start fusion-content-layout-column\"><div class=\"fusion-text fusion-text-14\"><p>Malgrat els temps dif\u00edcils, el <strong>gran \u00e8xit dels parquets encolats de tablilla<\/strong> (en format dama, amb tacs, tablilla en paral\u00b7lel, en espiga, industrial) far\u00e0 que els s\u00f2ls de fusta siguin m\u00e9s assequibles a la classe mitjana, fins i tot sent prec\u00eds encara el poliment i vernissat en obra; sens dubte, un sistema m\u00e9s lent i cost\u00f3s que l&#8217;actual.<\/p>\n<\/div><\/div><\/div><div class=\"fusion-layout-column fusion_builder_column fusion-builder-column-18 fusion_builder_column_1_3 1_3 fusion-flex-column\" style=\"--awb-bg-size:cover;--awb-width-large:33.333333333333%;--awb-margin-top-large:0px;--awb-spacing-right-large:5.76%;--awb-margin-bottom-large:20px;--awb-spacing-left-large:5.76%;--awb-width-medium:100%;--awb-order-medium:0;--awb-spacing-right-medium:1.92%;--awb-spacing-left-medium:1.92%;--awb-width-small:100%;--awb-order-small:0;--awb-spacing-right-small:1.92%;--awb-spacing-left-small:1.92%;\"><div class=\"fusion-column-wrapper fusion-column-has-shadow fusion-flex-justify-content-flex-start fusion-content-layout-column\"><div class=\"fusion-image-element\" style=\"--awb-caption-title-font-family:var(--h2_typography-font-family);--awb-caption-title-font-weight:var(--h2_typography-font-weight);--awb-caption-title-font-style:var(--h2_typography-font-style);--awb-caption-title-size:var(--h2_typography-font-size);--awb-caption-title-transform:var(--h2_typography-text-transform);--awb-caption-title-line-height:var(--h2_typography-line-height);--awb-caption-title-letter-spacing:var(--h2_typography-letter-spacing);\"><span class=\" fusion-imageframe imageframe-none imageframe-7 hover-type-none\"><img decoding=\"async\" width=\"344\" height=\"213\" alt=\"Parquet de tipus Dama.\" title=\"Parquet de tipus Dama.\" src=\"https:\/\/moskito.es\/wp-content\/uploads\/2023\/06\/parquet-damero.jpg\" class=\"img-responsive wp-image-7047\" srcset=\"https:\/\/moskito.es\/wp-content\/uploads\/2023\/06\/parquet-damero-200x124.jpg 200w, https:\/\/moskito.es\/wp-content\/uploads\/2023\/06\/parquet-damero.jpg 344w\" sizes=\"(max-width: 1024px) 100vw, (max-width: 640px) 100vw, 344px\" \/><\/span><\/div><div class=\"fusion-text fusion-text-15\"><p><strong><em>Parquet de tablilla en espiga.<\/em><\/strong><\/p>\n<\/div><\/div><\/div><div class=\"fusion-layout-column fusion_builder_column fusion-builder-column-19 fusion_builder_column_1_3 1_3 fusion-flex-column\" style=\"--awb-bg-size:cover;--awb-width-large:33.333333333333%;--awb-margin-top-large:0px;--awb-spacing-right-large:5.76%;--awb-margin-bottom-large:20px;--awb-spacing-left-large:5.76%;--awb-width-medium:100%;--awb-order-medium:0;--awb-spacing-right-medium:1.92%;--awb-spacing-left-medium:1.92%;--awb-width-small:100%;--awb-order-small:0;--awb-spacing-right-small:1.92%;--awb-spacing-left-small:1.92%;\"><div class=\"fusion-column-wrapper fusion-column-has-shadow fusion-flex-justify-content-flex-start fusion-content-layout-column\"><div class=\"fusion-image-element\" style=\"--awb-caption-title-font-family:var(--h2_typography-font-family);--awb-caption-title-font-weight:var(--h2_typography-font-weight);--awb-caption-title-font-style:var(--h2_typography-font-style);--awb-caption-title-size:var(--h2_typography-font-size);--awb-caption-title-transform:var(--h2_typography-text-transform);--awb-caption-title-line-height:var(--h2_typography-line-height);--awb-caption-title-letter-spacing:var(--h2_typography-letter-spacing);\"><span class=\" fusion-imageframe imageframe-none imageframe-8 hover-type-none\"><img decoding=\"async\" width=\"344\" height=\"213\" alt=\" Parquet de tablilla en espiga.\" title=\"Parquet de tablilla en espiga.\" src=\"https:\/\/moskito.es\/wp-content\/uploads\/2023\/06\/parquet-espiga.jpg\" class=\"img-responsive wp-image-7048\" srcset=\"https:\/\/moskito.es\/wp-content\/uploads\/2023\/06\/parquet-espiga-200x124.jpg 200w, https:\/\/moskito.es\/wp-content\/uploads\/2023\/06\/parquet-espiga.jpg 344w\" sizes=\"(max-width: 1024px) 100vw, (max-width: 640px) 100vw, 344px\" \/><\/span><\/div><div class=\"fusion-text fusion-text-16\"><p><strong><em>Parquet de tablilla en espiga.<\/em><\/strong><\/p>\n<\/div><\/div><\/div><div class=\"fusion-layout-column fusion_builder_column fusion-builder-column-20 fusion_builder_column_1_3 1_3 fusion-flex-column\" style=\"--awb-bg-size:cover;--awb-width-large:33.333333333333%;--awb-margin-top-large:0px;--awb-spacing-right-large:5.76%;--awb-margin-bottom-large:20px;--awb-spacing-left-large:5.76%;--awb-width-medium:100%;--awb-order-medium:0;--awb-spacing-right-medium:1.92%;--awb-spacing-left-medium:1.92%;--awb-width-small:100%;--awb-order-small:0;--awb-spacing-right-small:1.92%;--awb-spacing-left-small:1.92%;\"><div class=\"fusion-column-wrapper fusion-column-has-shadow fusion-flex-justify-content-flex-start fusion-content-layout-column\"><div class=\"fusion-image-element\" style=\"--awb-caption-title-font-family:var(--h2_typography-font-family);--awb-caption-title-font-weight:var(--h2_typography-font-weight);--awb-caption-title-font-style:var(--h2_typography-font-style);--awb-caption-title-size:var(--h2_typography-font-size);--awb-caption-title-transform:var(--h2_typography-text-transform);--awb-caption-title-line-height:var(--h2_typography-line-height);--awb-caption-title-letter-spacing:var(--h2_typography-letter-spacing);\"><span class=\" fusion-imageframe imageframe-none imageframe-9 hover-type-none\"><img decoding=\"async\" width=\"344\" height=\"213\" alt=\" Paviment de fusta industrial.\" title=\"Paviment de fusta industrial.\" src=\"https:\/\/moskito.es\/wp-content\/uploads\/2023\/06\/parquet-industrial-1.jpg\" class=\"img-responsive wp-image-7049\" srcset=\"https:\/\/moskito.es\/wp-content\/uploads\/2023\/06\/parquet-industrial-1-200x124.jpg 200w, https:\/\/moskito.es\/wp-content\/uploads\/2023\/06\/parquet-industrial-1.jpg 344w\" sizes=\"(max-width: 1024px) 100vw, (max-width: 640px) 100vw, 344px\" \/><\/span><\/div><div class=\"fusion-text fusion-text-17\"><p><strong><em>Parquet industrial.<\/em><\/strong><\/p>\n<\/div><\/div><\/div><div class=\"fusion-layout-column fusion_builder_column fusion-builder-column-21 fusion_builder_column_1_3 1_3 fusion-flex-column\" style=\"--awb-bg-size:cover;--awb-width-large:33.333333333333%;--awb-margin-top-large:0px;--awb-spacing-right-large:5.76%;--awb-margin-bottom-large:20px;--awb-spacing-left-large:5.76%;--awb-width-medium:100%;--awb-order-medium:0;--awb-spacing-right-medium:1.92%;--awb-spacing-left-medium:1.92%;--awb-width-small:100%;--awb-order-small:0;--awb-spacing-right-small:1.92%;--awb-spacing-left-small:1.92%;\"><div class=\"fusion-column-wrapper fusion-column-has-shadow fusion-flex-justify-content-flex-start fusion-content-layout-column\"><div class=\"fusion-image-element\" style=\"--awb-caption-title-font-family:var(--h2_typography-font-family);--awb-caption-title-font-weight:var(--h2_typography-font-weight);--awb-caption-title-font-style:var(--h2_typography-font-style);--awb-caption-title-size:var(--h2_typography-font-size);--awb-caption-title-transform:var(--h2_typography-text-transform);--awb-caption-title-line-height:var(--h2_typography-line-height);--awb-caption-title-letter-spacing:var(--h2_typography-letter-spacing);\"><span class=\" fusion-imageframe imageframe-none imageframe-10 hover-type-none\"><img decoding=\"async\" width=\"1000\" height=\"624\" alt=\" Parquet en tac.\" title=\"Parquet en tac.\" src=\"https:\/\/moskito.es\/wp-content\/uploads\/2023\/06\/parquet-tac.jpg\" class=\"img-responsive wp-image-7050\" srcset=\"https:\/\/moskito.es\/wp-content\/uploads\/2023\/06\/parquet-tac-200x125.jpg 200w, https:\/\/moskito.es\/wp-content\/uploads\/2023\/06\/parquet-tac-400x250.jpg 400w, https:\/\/moskito.es\/wp-content\/uploads\/2023\/06\/parquet-tac-600x374.jpg 600w, https:\/\/moskito.es\/wp-content\/uploads\/2023\/06\/parquet-tac-800x499.jpg 800w, https:\/\/moskito.es\/wp-content\/uploads\/2023\/06\/parquet-tac.jpg 1000w\" sizes=\"(max-width: 1024px) 100vw, (max-width: 640px) 100vw, 400px\" \/><\/span><\/div><div class=\"fusion-text fusion-text-18\"><p><strong><em>Parquet en tac.<\/em><\/strong><\/p>\n<\/div><\/div><\/div><div class=\"fusion-layout-column fusion_builder_column fusion-builder-column-22 fusion_builder_column_1_3 1_3 fusion-flex-column\" style=\"--awb-bg-size:cover;--awb-width-large:33.333333333333%;--awb-margin-top-large:0px;--awb-spacing-right-large:5.76%;--awb-margin-bottom-large:20px;--awb-spacing-left-large:5.76%;--awb-width-medium:100%;--awb-order-medium:0;--awb-spacing-right-medium:1.92%;--awb-spacing-left-medium:1.92%;--awb-width-small:100%;--awb-order-small:0;--awb-spacing-right-small:1.92%;--awb-spacing-left-small:1.92%;\"><div class=\"fusion-column-wrapper fusion-column-has-shadow fusion-flex-justify-content-flex-start fusion-content-layout-column\"><div class=\"fusion-image-element\" style=\"--awb-caption-title-font-family:var(--h2_typography-font-family);--awb-caption-title-font-weight:var(--h2_typography-font-weight);--awb-caption-title-font-style:var(--h2_typography-font-style);--awb-caption-title-size:var(--h2_typography-font-size);--awb-caption-title-transform:var(--h2_typography-text-transform);--awb-caption-title-line-height:var(--h2_typography-line-height);--awb-caption-title-letter-spacing:var(--h2_typography-letter-spacing);\"><span class=\" fusion-imageframe imageframe-none imageframe-11 hover-type-none\"><img decoding=\"async\" width=\"344\" height=\"213\" alt=\" Operari vernissant un s\u00f2l de fusta.\" title=\"Operari vernissant un s\u00f2l de fusta.\" src=\"https:\/\/moskito.es\/wp-content\/uploads\/2023\/06\/vernissat-pavimento-roure.jpg\" class=\"img-responsive wp-image-7051\" srcset=\"https:\/\/moskito.es\/wp-content\/uploads\/2023\/06\/vernissat-pavimento-roure-200x124.jpg 200w, https:\/\/moskito.es\/wp-content\/uploads\/2023\/06\/vernissat-pavimento-roure.jpg 344w\" sizes=\"(max-width: 1024px) 100vw, (max-width: 640px) 100vw, 344px\" \/><\/span><\/div><div class=\"fusion-text fusion-text-19\"><p><strong><em>Vernissat de paviment de fusta.<\/em><\/strong><\/p>\n<\/div><\/div><\/div><\/div><\/div><div class=\"fusion-fullwidth fullwidth-box fusion-builder-row-4 fusion-flex-container has-pattern-background has-mask-background nonhundred-percent-fullwidth non-hundred-percent-height-scrolling\" style=\"--awb-border-radius-top-left:0px;--awb-border-radius-top-right:0px;--awb-border-radius-bottom-right:0px;--awb-border-radius-bottom-left:0px;--awb-flex-wrap:wrap;\" ><div class=\"fusion-builder-row fusion-row fusion-flex-align-items-flex-start fusion-flex-content-wrap\" style=\"max-width:1190.8px;margin-left: calc(-4% \/ 2 );margin-right: calc(-4% \/ 2 );\"><div class=\"fusion-layout-column fusion_builder_column fusion-builder-column-23 fusion_builder_column_1_1 1_1 fusion-flex-column\" style=\"--awb-bg-size:cover;--awb-width-large:100%;--awb-margin-top-large:0px;--awb-spacing-right-large:1.92%;--awb-margin-bottom-large:20px;--awb-spacing-left-large:1.92%;--awb-width-medium:100%;--awb-order-medium:0;--awb-spacing-right-medium:1.92%;--awb-spacing-left-medium:1.92%;--awb-width-small:100%;--awb-order-small:0;--awb-spacing-right-small:1.92%;--awb-spacing-left-small:1.92%;\"><div class=\"fusion-column-wrapper fusion-column-has-shadow fusion-flex-justify-content-flex-start fusion-content-layout-column\"><div class=\"fusion-text fusion-text-20\"><h2><strong>El segle XX i l&#8217;adaptaci\u00f3: altres tipus de parquets<\/strong><\/h2>\n<p>A m\u00e9s dels parquets de fusta ja coneguts, molts altres sistemes van anar proliferant en pa\u00efsos del nostre entorn:<\/p>\n<\/div><\/div><\/div><div class=\"fusion-layout-column fusion_builder_column fusion-builder-column-24 fusion_builder_column_1_1 1_1 fusion-flex-column\" style=\"--awb-bg-size:cover;--awb-width-large:100%;--awb-margin-top-large:0px;--awb-spacing-right-large:1.92%;--awb-margin-bottom-large:20px;--awb-spacing-left-large:1.92%;--awb-width-medium:100%;--awb-order-medium:0;--awb-spacing-right-medium:1.92%;--awb-spacing-left-medium:1.92%;--awb-width-small:100%;--awb-order-small:0;--awb-spacing-right-small:1.92%;--awb-spacing-left-small:1.92%;\"><div class=\"fusion-column-wrapper fusion-column-has-shadow fusion-flex-justify-content-flex-start fusion-content-layout-column\"><div class=\"fusion-text fusion-text-21\"><ul>\n<li>El <strong>Tapisse<\/strong> a B\u00e8lgica combina un tauler (preferentment mar\u00ed) al qual es fixa mitjan\u00e7ant cua i agulles una capa fina de fusta d&#8217;uns 4 mm, per al seu posterior escatat i vernissat. Aquest sistema est\u00e0 en \u00fas en l&#8217;actualitat.<\/li>\n<li>El <strong>prefinit <\/strong>a It\u00e0lia \u00e9s potser el precursor dels parquets flotants. Amb formats de tarima de 8, 10, 12 i 14 cm d&#8217;ample m\u00e0xim, aquest parquet ja porta el tauler mar\u00ed adherit a la fina capa de fusta de 4 mm i aquesta presenta una primera capa de vern\u00eds de f\u00e0brica. Va ser el referent del parquet de luxe fins a mitjan anys 90, quan comen\u00e7ar\u00e0 a ser despla\u00e7at pels grans formats. Encara avui s&#8217;utilitza a It\u00e0lia.<\/li>\n<\/ul>\n<\/div><\/div><\/div><\/div><\/div><div class=\"fusion-fullwidth fullwidth-box fusion-builder-row-5 fusion-flex-container nonhundred-percent-fullwidth non-hundred-percent-height-scrolling\" style=\"--awb-border-radius-top-left:0px;--awb-border-radius-top-right:0px;--awb-border-radius-bottom-right:0px;--awb-border-radius-bottom-left:0px;--awb-flex-wrap:wrap;\" ><div class=\"fusion-builder-row fusion-row fusion-flex-align-items-flex-start fusion-flex-content-wrap\" style=\"max-width:1190.8px;margin-left: calc(-4% \/ 2 );margin-right: calc(-4% \/ 2 );\"><div class=\"fusion-layout-column fusion_builder_column fusion-builder-column-25 fusion_builder_column_1_1 1_1 fusion-flex-column\" style=\"--awb-padding-top:20px;--awb-padding-right:20px;--awb-padding-bottom:20px;--awb-padding-left:20px;--awb-bg-color:rgba(242,121,0,0.66);--awb-bg-color-hover:rgba(242,121,0,0.66);--awb-bg-size:cover;--awb-width-large:100%;--awb-margin-top-large:20px;--awb-spacing-right-large:1.92%;--awb-margin-bottom-large:20px;--awb-spacing-left-large:1.92%;--awb-width-medium:100%;--awb-order-medium:0;--awb-spacing-right-medium:1.92%;--awb-spacing-left-medium:1.92%;--awb-width-small:100%;--awb-order-small:0;--awb-spacing-right-small:1.92%;--awb-spacing-left-small:1.92%;\"><div class=\"fusion-column-wrapper fusion-column-has-shadow fusion-flex-justify-content-flex-start fusion-content-layout-column\"><div class=\"fusion-text fusion-text-22\"><p><span style=\"color: #ffffff;\"><strong>CURIOSITATS MOSKITO | Un descobriment important<\/strong>: aquesta gran estabilitat que aporta adherir el tauler a la fina capa de fusta i la facilitat per a la seva col\u00b7locaci\u00f3 sense encolar donaran origen als parquets flotants actuals, que aviat tamb\u00e9 podran fabricar-se en gran format (les bases canvien les fibres de sentit aportant l&#8217;estabilitat necess\u00e0ria). <\/span><\/p>\n<\/div><\/div><\/div><\/div><\/div><div class=\"fusion-fullwidth fullwidth-box fusion-builder-row-6 fusion-flex-container has-pattern-background has-mask-background nonhundred-percent-fullwidth non-hundred-percent-height-scrolling\" style=\"--awb-border-radius-top-left:0px;--awb-border-radius-top-right:0px;--awb-border-radius-bottom-right:0px;--awb-border-radius-bottom-left:0px;--awb-flex-wrap:wrap;\" ><div class=\"fusion-builder-row fusion-row fusion-flex-align-items-flex-start fusion-flex-content-wrap\" style=\"max-width:1190.8px;margin-left: calc(-4% \/ 2 );margin-right: calc(-4% \/ 2 );\"><div class=\"fusion-layout-column fusion_builder_column fusion-builder-column-26 fusion_builder_column_1_1 1_1 fusion-flex-column\" style=\"--awb-bg-size:cover;--awb-width-large:100%;--awb-margin-top-large:0px;--awb-spacing-right-large:1.92%;--awb-margin-bottom-large:20px;--awb-spacing-left-large:1.92%;--awb-width-medium:100%;--awb-order-medium:0;--awb-spacing-right-medium:1.92%;--awb-spacing-left-medium:1.92%;--awb-width-small:100%;--awb-order-small:0;--awb-spacing-right-small:1.92%;--awb-spacing-left-small:1.92%;\"><div class=\"fusion-column-wrapper fusion-column-has-shadow fusion-flex-justify-content-flex-start fusion-content-layout-column\"><div class=\"fusion-text fusion-text-23\"><p><strong>Com a bases, trobem moltes variants<\/strong>: tricapa amb piano de bedoll o bicapa, tricapa massissa, tricapa amb nucli de bedoll, multicapa que canvia el sentit en cada capa per a alternar les fibres moltes vegades.<\/p>\n<\/div><\/div><\/div><div class=\"fusion-layout-column fusion_builder_column fusion-builder-column-27 fusion_builder_column_1_1 1_1 fusion-flex-column\" style=\"--awb-bg-size:cover;--awb-width-large:100%;--awb-margin-top-large:0px;--awb-spacing-right-large:1.92%;--awb-margin-bottom-large:20px;--awb-spacing-left-large:1.92%;--awb-width-medium:100%;--awb-order-medium:0;--awb-spacing-right-medium:1.92%;--awb-spacing-left-medium:1.92%;--awb-width-small:100%;--awb-order-small:0;--awb-spacing-right-small:1.92%;--awb-spacing-left-small:1.92%;\"><div class=\"fusion-column-wrapper fusion-column-has-shadow fusion-flex-justify-content-flex-start fusion-content-layout-column\"><div class=\"fusion-image-element\" style=\"text-align:center;--awb-caption-title-font-family:var(--h2_typography-font-family);--awb-caption-title-font-weight:var(--h2_typography-font-weight);--awb-caption-title-font-style:var(--h2_typography-font-style);--awb-caption-title-size:var(--h2_typography-font-size);--awb-caption-title-transform:var(--h2_typography-text-transform);--awb-caption-title-line-height:var(--h2_typography-line-height);--awb-caption-title-letter-spacing:var(--h2_typography-letter-spacing);\"><span class=\" fusion-imageframe imageframe-none imageframe-12 hover-type-none\"><img decoding=\"async\" width=\"339\" height=\"191\" alt=\" Detall del tipus de parquet tarima flotant\" title=\"tarima-flotant Detall del tipus de parquet tarima flotant\" src=\"https:\/\/moskito.es\/wp-content\/uploads\/2023\/06\/tarima-flotant.jpg\" class=\"img-responsive wp-image-7052\" srcset=\"https:\/\/moskito.es\/wp-content\/uploads\/2023\/06\/tarima-flotant-200x113.jpg 200w, https:\/\/moskito.es\/wp-content\/uploads\/2023\/06\/tarima-flotant.jpg 339w\" sizes=\"(max-width: 1024px) 100vw, (max-width: 640px) 100vw, 339px\" \/><\/span><\/div><div class=\"fusion-text fusion-text-24\"><p style=\"text-align: center;\"><strong><em>Parquet multicapa est\u00e0 format per una base de tauler fen\u00f2lic de bedoll.<\/em><\/strong><\/p>\n<\/div><\/div><\/div><\/div><\/div><div class=\"fusion-fullwidth fullwidth-box fusion-builder-row-7 fusion-flex-container has-pattern-background has-mask-background nonhundred-percent-fullwidth non-hundred-percent-height-scrolling\" style=\"--awb-border-radius-top-left:0px;--awb-border-radius-top-right:0px;--awb-border-radius-bottom-right:0px;--awb-border-radius-bottom-left:0px;--awb-flex-wrap:wrap;\" ><div class=\"fusion-builder-row fusion-row fusion-flex-align-items-flex-start fusion-flex-content-wrap\" style=\"max-width:1190.8px;margin-left: calc(-4% \/ 2 );margin-right: calc(-4% \/ 2 );\"><div class=\"fusion-layout-column fusion_builder_column fusion-builder-column-28 fusion_builder_column_1_1 1_1 fusion-flex-column\" style=\"--awb-bg-size:cover;--awb-width-large:100%;--awb-margin-top-large:0px;--awb-spacing-right-large:1.92%;--awb-margin-bottom-large:20px;--awb-spacing-left-large:1.92%;--awb-width-medium:100%;--awb-order-medium:0;--awb-spacing-right-medium:1.92%;--awb-spacing-left-medium:1.92%;--awb-width-small:100%;--awb-order-small:0;--awb-spacing-right-small:1.92%;--awb-spacing-left-small:1.92%;\"><div class=\"fusion-column-wrapper fusion-column-has-shadow fusion-flex-justify-content-flex-start fusion-content-layout-column\"><div class=\"fusion-text fusion-text-25\"><h2><strong>Parquet flotant i s\u00f2ls laminats<\/strong><\/h2>\n<p>Fruit d&#8217;aquesta cont\u00ednua evoluci\u00f3, en els anys 70 del segle XX apareix el parquet flotant, inventat per la signatura Khars, i al poc temps els s\u00f2ls laminats de la marca Pergo, tots dos suecs.<\/p>\n<p>La idea del do <em> it yourself<\/em> arribar\u00e0 pensant en el mercat del bricolatge, per\u00f2 <strong>acabar\u00e0 sent una revoluci\u00f3 en una economia en plena expansi\u00f3<\/strong>. \u00c9s clar que un sistema d&#8217;instal\u00b7laci\u00f3 r\u00e0pid i econ\u00f2mic combinar\u00e0 a la perfecci\u00f3 amb el boom de la bombolla immobili\u00e0ria.<\/p>\n<\/div><\/div><\/div><div class=\"fusion-layout-column fusion_builder_column fusion-builder-column-29 fusion_builder_column_1_1 1_1 fusion-flex-column\" style=\"--awb-padding-top:20px;--awb-padding-right:20px;--awb-padding-bottom:20px;--awb-padding-left:20px;--awb-bg-color:rgba(242,121,0,0.66);--awb-bg-color-hover:rgba(242,121,0,0.66);--awb-bg-size:cover;--awb-width-large:100%;--awb-margin-top-large:20px;--awb-spacing-right-large:1.92%;--awb-margin-bottom-large:20px;--awb-spacing-left-large:1.92%;--awb-width-medium:100%;--awb-order-medium:0;--awb-spacing-right-medium:1.92%;--awb-spacing-left-medium:1.92%;--awb-width-small:100%;--awb-order-small:0;--awb-spacing-right-small:1.92%;--awb-spacing-left-small:1.92%;\" data-scroll-devices=\"small-visibility,medium-visibility,large-visibility\"><div class=\"fusion-column-wrapper fusion-column-has-shadow fusion-flex-justify-content-flex-start fusion-content-layout-column\"><div class=\"fusion-text fusion-text-26\"><p><span style=\"color: #ffffff;\"><strong>COM FUNCIONA<\/strong>: amb aquest sistema, les taules encaixen sense necessitat d&#8217;encolar o clavar al s\u00f2l i, el m\u00e9s important, el producte ja ve vernissat.<\/span><\/p>\n<\/div><\/div><\/div><div class=\"fusion-layout-column fusion_builder_column fusion-builder-column-30 fusion_builder_column_1_1 1_1 fusion-flex-column\" style=\"--awb-bg-size:cover;--awb-width-large:100%;--awb-margin-top-large:0px;--awb-spacing-right-large:1.92%;--awb-margin-bottom-large:20px;--awb-spacing-left-large:1.92%;--awb-width-medium:100%;--awb-order-medium:0;--awb-spacing-right-medium:1.92%;--awb-spacing-left-medium:1.92%;--awb-width-small:100%;--awb-order-small:0;--awb-spacing-right-small:1.92%;--awb-spacing-left-small:1.92%;\"><div class=\"fusion-column-wrapper fusion-column-has-shadow fusion-flex-justify-content-flex-start fusion-content-layout-column\"><div class=\"fusion-text fusion-text-27\"><p>Tenint en compte que nom\u00e9s s&#8217;hauria d&#8217;utilitzar la paraula parquet per a paviments que portin fusta, <strong>els coneguts popularment com a \u00abparquets sint\u00e8tics\u00bb s\u00f3n en realitat paviments laminats<\/strong>.<\/p>\n<p>Aquesta simplificaci\u00f3 en el producte i l&#8217;exc\u00e9s de demanda han propiciat una deterioraci\u00f3 en la qualificaci\u00f3 t\u00e8cnica d&#8217;alguns instal\u00b7ladors.<\/p>\n<\/div><\/div><\/div><div class=\"fusion-layout-column fusion_builder_column fusion-builder-column-31 fusion_builder_column_1_2 1_2 fusion-flex-column\" style=\"--awb-bg-size:cover;--awb-width-large:50%;--awb-margin-top-large:0px;--awb-spacing-right-large:3.84%;--awb-margin-bottom-large:20px;--awb-spacing-left-large:3.84%;--awb-width-medium:100%;--awb-order-medium:0;--awb-spacing-right-medium:1.92%;--awb-spacing-left-medium:1.92%;--awb-width-small:100%;--awb-order-small:0;--awb-spacing-right-small:1.92%;--awb-spacing-left-small:1.92%;\"><div class=\"fusion-column-wrapper fusion-column-has-shadow fusion-flex-justify-content-flex-start fusion-content-layout-column\"><div class=\"fusion-image-element\" style=\"--awb-caption-title-font-family:var(--h2_typography-font-family);--awb-caption-title-font-weight:var(--h2_typography-font-weight);--awb-caption-title-font-style:var(--h2_typography-font-style);--awb-caption-title-size:var(--h2_typography-font-size);--awb-caption-title-transform:var(--h2_typography-text-transform);--awb-caption-title-line-height:var(--h2_typography-line-height);--awb-caption-title-letter-spacing:var(--h2_typography-letter-spacing);\"><span class=\" fusion-imageframe imageframe-none imageframe-13 hover-type-none\"><img decoding=\"async\" width=\"764\" height=\"667\" alt=\" L\u00e0mines de parquet flotant de roure.\" title=\"L\u00e0mines de parquet flotant de roure.\" src=\"https:\/\/moskito.es\/wp-content\/uploads\/2023\/06\/parquet-flotant-roure-3-lames.jpg\" class=\"img-responsive wp-image-7053\" srcset=\"https:\/\/moskito.es\/wp-content\/uploads\/2023\/06\/parquet-flotant-roure-3-lames-200x175.jpg 200w, https:\/\/moskito.es\/wp-content\/uploads\/2023\/06\/parquet-flotant-roure-3-lames-400x349.jpg 400w, https:\/\/moskito.es\/wp-content\/uploads\/2023\/06\/parquet-flotant-roure-3-lames-600x524.jpg 600w, https:\/\/moskito.es\/wp-content\/uploads\/2023\/06\/parquet-flotant-roure-3-lames.jpg 764w\" sizes=\"(max-width: 1024px) 100vw, (max-width: 640px) 100vw, 600px\" \/><\/span><\/div><div class=\"fusion-text fusion-text-28\"><p><strong><em>Parquet flotant Roure 3 l\u00e0mines<\/em><\/strong>.<\/p>\n<\/div><\/div><\/div><div class=\"fusion-layout-column fusion_builder_column fusion-builder-column-32 fusion_builder_column_1_2 1_2 fusion-flex-column\" style=\"--awb-bg-size:cover;--awb-width-large:50%;--awb-margin-top-large:0px;--awb-spacing-right-large:3.84%;--awb-margin-bottom-large:20px;--awb-spacing-left-large:3.84%;--awb-width-medium:100%;--awb-order-medium:0;--awb-spacing-right-medium:1.92%;--awb-spacing-left-medium:1.92%;--awb-width-small:100%;--awb-order-small:0;--awb-spacing-right-small:1.92%;--awb-spacing-left-small:1.92%;\"><div class=\"fusion-column-wrapper fusion-column-has-shadow fusion-flex-justify-content-flex-start fusion-content-layout-column\"><div class=\"fusion-image-element\" style=\"--awb-caption-title-font-family:var(--h2_typography-font-family);--awb-caption-title-font-weight:var(--h2_typography-font-weight);--awb-caption-title-font-style:var(--h2_typography-font-style);--awb-caption-title-size:var(--h2_typography-font-size);--awb-caption-title-transform:var(--h2_typography-text-transform);--awb-caption-title-line-height:var(--h2_typography-line-height);--awb-caption-title-letter-spacing:var(--h2_typography-letter-spacing);\"><span class=\" fusion-imageframe imageframe-none imageframe-14 hover-type-none\"><img decoding=\"async\" width=\"764\" height=\"667\" alt=\" Paviment laminat col\u00b7locat en la cuina.\" title=\"Paviment laminat col\u00b7locat en la cuina.\" src=\"https:\/\/moskito.es\/wp-content\/uploads\/2023\/06\/paviment-laminat.jpg\" class=\"img-responsive wp-image-7054\" srcset=\"https:\/\/moskito.es\/wp-content\/uploads\/2023\/06\/paviment-laminat-200x175.jpg 200w, https:\/\/moskito.es\/wp-content\/uploads\/2023\/06\/paviment-laminat-400x349.jpg 400w, https:\/\/moskito.es\/wp-content\/uploads\/2023\/06\/paviment-laminat-600x524.jpg 600w, https:\/\/moskito.es\/wp-content\/uploads\/2023\/06\/paviment-laminat.jpg 764w\" sizes=\"(max-width: 1024px) 100vw, (max-width: 640px) 100vw, 600px\" \/><\/span><\/div><div class=\"fusion-text fusion-text-29\"><p><strong><em>Paviment laminat<\/em><\/strong>.<\/p>\n<\/div><\/div><\/div><\/div><\/div><div class=\"fusion-fullwidth fullwidth-box fusion-builder-row-8 fusion-flex-container has-pattern-background has-mask-background nonhundred-percent-fullwidth non-hundred-percent-height-scrolling\" style=\"--awb-border-radius-top-left:0px;--awb-border-radius-top-right:0px;--awb-border-radius-bottom-right:0px;--awb-border-radius-bottom-left:0px;--awb-flex-wrap:wrap;\" ><div class=\"fusion-builder-row fusion-row fusion-flex-align-items-flex-start fusion-flex-content-wrap\" style=\"max-width:1190.8px;margin-left: calc(-4% \/ 2 );margin-right: calc(-4% \/ 2 );\"><div class=\"fusion-layout-column fusion_builder_column fusion-builder-column-33 fusion_builder_column_1_1 1_1 fusion-flex-column\" style=\"--awb-bg-size:cover;--awb-width-large:100%;--awb-margin-top-large:0px;--awb-spacing-right-large:1.92%;--awb-margin-bottom-large:20px;--awb-spacing-left-large:1.92%;--awb-width-medium:100%;--awb-order-medium:0;--awb-spacing-right-medium:1.92%;--awb-spacing-left-medium:1.92%;--awb-width-small:100%;--awb-order-small:0;--awb-spacing-right-small:1.92%;--awb-spacing-left-small:1.92%;\"><div class=\"fusion-column-wrapper fusion-column-has-shadow fusion-flex-justify-content-flex-start fusion-content-layout-column\"><div class=\"fusion-text fusion-text-30\"><h2 style=\"text-align: left;\"><strong>El parquet del segle XXI<\/strong><\/h2>\n<\/div><\/div><\/div><div class=\"fusion-layout-column fusion_builder_column fusion-builder-column-34 fusion_builder_column_1_1 1_1 fusion-flex-column\" style=\"--awb-bg-size:cover;--awb-width-large:100%;--awb-margin-top-large:0px;--awb-spacing-right-large:1.92%;--awb-margin-bottom-large:20px;--awb-spacing-left-large:1.92%;--awb-width-medium:100%;--awb-order-medium:0;--awb-spacing-right-medium:1.92%;--awb-spacing-left-medium:1.92%;--awb-width-small:100%;--awb-order-small:0;--awb-spacing-right-small:1.92%;--awb-spacing-left-small:1.92%;\"><div class=\"fusion-column-wrapper fusion-column-has-shadow fusion-flex-justify-content-flex-start fusion-content-layout-column\"><div class=\"fusion-text fusion-text-31\"><p>Gr\u00e0cies a l&#8217;\u00edmpetu dels rom\u00e0ntics, al bon fer cl\u00e0ssic i a l&#8217;avan\u00e7 de les noves tecnologies, eines i materials, <strong>es comen\u00e7a a recuperar l&#8217;ofici de parquetista<\/strong>.<\/p>\n<p>En aquest sentit, \u00e9s fonamental la inversi\u00f3 en R+D+i per al ressorgir dels s\u00f2ls de qualitat i els bons professionals.<\/p>\n<p>Aix\u00ed, fires com Domotex a Hannover (potser la millor fira especialitzada en parquet), tenen <strong>pavellons dedicats a innovaci\u00f3<\/strong>.<\/p>\n<\/div><div class=\"fusion-image-element\" style=\"--awb-margin-top:30px;--awb-margin-bottom:30px;--awb-caption-title-font-family:var(--h2_typography-font-family);--awb-caption-title-font-weight:var(--h2_typography-font-weight);--awb-caption-title-font-style:var(--h2_typography-font-style);--awb-caption-title-size:var(--h2_typography-font-size);--awb-caption-title-transform:var(--h2_typography-text-transform);--awb-caption-title-line-height:var(--h2_typography-line-height);--awb-caption-title-letter-spacing:var(--h2_typography-letter-spacing);\"><span class=\" fusion-imageframe imageframe-none imageframe-15 hover-type-none\"><img decoding=\"async\" width=\"1502\" height=\"420\" alt=\" Professionals de Moskito en la fira Domotex d&#039;Hannover\" title=\"Professionals de Moskito en la fira Domotex d&#8217;Hannover\" src=\"https:\/\/moskito.es\/wp-content\/uploads\/2023\/06\/domotex-moskito-barcelona-1.jpg\" class=\"img-responsive wp-image-7055\" srcset=\"https:\/\/moskito.es\/wp-content\/uploads\/2023\/06\/domotex-moskito-barcelona-1-200x56.jpg 200w, https:\/\/moskito.es\/wp-content\/uploads\/2023\/06\/domotex-moskito-barcelona-1-400x112.jpg 400w, https:\/\/moskito.es\/wp-content\/uploads\/2023\/06\/domotex-moskito-barcelona-1-600x168.jpg 600w, https:\/\/moskito.es\/wp-content\/uploads\/2023\/06\/domotex-moskito-barcelona-1-800x224.jpg 800w, https:\/\/moskito.es\/wp-content\/uploads\/2023\/06\/domotex-moskito-barcelona-1-1200x336.jpg 1200w, https:\/\/moskito.es\/wp-content\/uploads\/2023\/06\/domotex-moskito-barcelona-1.jpg 1502w\" sizes=\"(max-width: 1024px) 100vw, (max-width: 640px) 100vw, 1200px\" \/><\/span><\/div><div class=\"fusion-text fusion-text-32\"><p>En aquest entorn professional privilegiat, empreses innovadores com Sicmex presenten les seves propostes, en aquest cas la seva <strong>patent basada en un clip que no utilitza caragols per a fixar la tarima d&#8217;exterior<\/strong>, gr\u00e0cies a nous materials com la poliamida..<\/p>\n<\/div><\/div><\/div><div class=\"fusion-layout-column fusion_builder_column fusion-builder-column-35 fusion_builder_column_1_1 1_1 fusion-flex-column\" style=\"--awb-bg-size:cover;--awb-width-large:100%;--awb-margin-top-large:0px;--awb-spacing-right-large:1.92%;--awb-margin-bottom-large:20px;--awb-spacing-left-large:1.92%;--awb-width-medium:100%;--awb-order-medium:0;--awb-spacing-right-medium:1.92%;--awb-spacing-left-medium:1.92%;--awb-width-small:100%;--awb-order-small:0;--awb-spacing-right-small:1.92%;--awb-spacing-left-small:1.92%;\"><div class=\"fusion-column-wrapper fusion-column-has-shadow fusion-flex-justify-content-flex-start fusion-content-layout-column\"><div class=\"fusion-image-element\" style=\"text-align:center;--awb-caption-title-font-family:var(--h2_typography-font-family);--awb-caption-title-font-weight:var(--h2_typography-font-weight);--awb-caption-title-font-style:var(--h2_typography-font-style);--awb-caption-title-size:var(--h2_typography-font-size);--awb-caption-title-transform:var(--h2_typography-text-transform);--awb-caption-title-line-height:var(--h2_typography-line-height);--awb-caption-title-letter-spacing:var(--h2_typography-letter-spacing);\"><span class=\" fusion-imageframe imageframe-none imageframe-16 hover-type-none\"><img decoding=\"async\" width=\"453\" height=\"580\" alt=\" Clip Sicmex per a fixar tarimes de fusta d&#039;exterior.\" title=\"Clip Sicmex per a fixar tarimes de fusta d&#8217;exterior.\" src=\"https:\/\/moskito.es\/wp-content\/uploads\/2023\/06\/clip-sicmex-1.jpg\" class=\"img-responsive wp-image-7056\" srcset=\"https:\/\/moskito.es\/wp-content\/uploads\/2023\/06\/clip-sicmex-1-200x256.jpg 200w, https:\/\/moskito.es\/wp-content\/uploads\/2023\/06\/clip-sicmex-1-400x512.jpg 400w, https:\/\/moskito.es\/wp-content\/uploads\/2023\/06\/clip-sicmex-1.jpg 453w\" sizes=\"(max-width: 1024px) 100vw, (max-width: 640px) 100vw, 453px\" \/><\/span><\/div><div class=\"fusion-text fusion-text-33\"><p style=\"text-align: center;\"><strong><em>Clip Sicmex per a fixar tarimes de fusta d&#8217;exterior<\/em><\/strong>.<\/p>\n<\/div><\/div><\/div><\/div><\/div><div class=\"fusion-fullwidth fullwidth-box fusion-builder-row-9 fusion-flex-container nonhundred-percent-fullwidth non-hundred-percent-height-scrolling\" style=\"--awb-border-radius-top-left:0px;--awb-border-radius-top-right:0px;--awb-border-radius-bottom-right:0px;--awb-border-radius-bottom-left:0px;--awb-flex-wrap:wrap;\" ><div class=\"fusion-builder-row fusion-row fusion-flex-align-items-flex-start fusion-flex-content-wrap\" style=\"max-width:1190.8px;margin-left: calc(-4% \/ 2 );margin-right: calc(-4% \/ 2 );\"><div class=\"fusion-layout-column fusion_builder_column fusion-builder-column-36 fusion_builder_column_1_1 1_1 fusion-flex-column\" style=\"--awb-padding-top:20px;--awb-padding-right:20px;--awb-padding-bottom:20px;--awb-padding-left:20px;--awb-bg-color:rgba(242,121,0,0.66);--awb-bg-color-hover:rgba(242,121,0,0.66);--awb-bg-size:cover;--awb-width-large:100%;--awb-margin-top-large:20px;--awb-spacing-right-large:1.92%;--awb-margin-bottom-large:20px;--awb-spacing-left-large:1.92%;--awb-width-medium:100%;--awb-order-medium:0;--awb-spacing-right-medium:1.92%;--awb-spacing-left-medium:1.92%;--awb-width-small:100%;--awb-order-small:0;--awb-spacing-right-small:1.92%;--awb-spacing-left-small:1.92%;\"><div class=\"fusion-column-wrapper fusion-column-has-shadow fusion-flex-justify-content-flex-start fusion-content-layout-column\"><div class=\"fusion-text fusion-text-34\"><p><span style=\"color: #ffffff;\"><strong>CURIOSITATS MOSKITO | El parquet amb el format m\u00e9s gran conegut<\/strong>: va ser presentat en la fira Bau de Munic en 2014. Es tractava d&#8217;una l\u00e0mina de roure amb un ample d&#8217;1 metre i 12 metres de llarg.<\/span><\/p>\n<\/div><\/div><\/div><\/div><\/div><div class=\"fusion-fullwidth fullwidth-box fusion-builder-row-10 fusion-flex-container has-pattern-background has-mask-background nonhundred-percent-fullwidth non-hundred-percent-height-scrolling\" style=\"--awb-border-radius-top-left:0px;--awb-border-radius-top-right:0px;--awb-border-radius-bottom-right:0px;--awb-border-radius-bottom-left:0px;--awb-flex-wrap:wrap;\" ><div class=\"fusion-builder-row fusion-row fusion-flex-align-items-flex-start fusion-flex-content-wrap\" style=\"max-width:1190.8px;margin-left: calc(-4% \/ 2 );margin-right: calc(-4% \/ 2 );\"><div class=\"fusion-layout-column fusion_builder_column fusion-builder-column-37 fusion_builder_column_1_1 1_1 fusion-flex-column\" style=\"--awb-bg-size:cover;--awb-width-large:100%;--awb-margin-top-large:0px;--awb-spacing-right-large:1.92%;--awb-margin-bottom-large:20px;--awb-spacing-left-large:1.92%;--awb-width-medium:100%;--awb-order-medium:0;--awb-spacing-right-medium:1.92%;--awb-spacing-left-medium:1.92%;--awb-width-small:100%;--awb-order-small:0;--awb-spacing-right-small:1.92%;--awb-spacing-left-small:1.92%;\"><div class=\"fusion-column-wrapper fusion-column-has-shadow fusion-flex-justify-content-flex-start fusion-content-layout-column\"><div class=\"fusion-text fusion-text-35\"><h2><strong>La revoluci\u00f3 del control num\u00e8ric<\/strong><\/h2>\n<p>Mitjan\u00e7ant programes inform\u00e0tics tipus Autocad, <strong>les m\u00e0quines de control num\u00e8ric han perm\u00e8s el disseny de nous productes<\/strong> i la reproducci\u00f3 d&#8217;antics i reeixits models amb una exactitud i una est\u00e8tica extraordin\u00e0ries.<\/p>\n<\/div><div class=\"fusion-separator fusion-full-width-sep\" style=\"align-self: center;margin-left: auto;margin-right: auto;margin-top:20px;margin-bottom:20px;width:100%;\"><div class=\"fusion-separator-border sep-double\" style=\"--awb-height:20px;--awb-amount:20px;border-color:#e0dede;border-top-width:0px;border-bottom-width:0px;\"><\/div><\/div><div class=\"fusion-image-element\" style=\"text-align:center;--awb-caption-title-font-family:var(--h2_typography-font-family);--awb-caption-title-font-weight:var(--h2_typography-font-weight);--awb-caption-title-font-style:var(--h2_typography-font-style);--awb-caption-title-size:var(--h2_typography-font-size);--awb-caption-title-transform:var(--h2_typography-text-transform);--awb-caption-title-line-height:var(--h2_typography-line-height);--awb-caption-title-letter-spacing:var(--h2_typography-letter-spacing);\"><span class=\" fusion-imageframe imageframe-none imageframe-17 hover-type-none\"><img decoding=\"async\" width=\"655\" height=\"443\" alt=\" M\u00e0quines de control num\u00e8ric per a fabricar productes de fusta.\" title=\"M\u00e0quines de control num\u00e8ric per a fabricar productes de fusta.\" src=\"https:\/\/moskito.es\/wp-content\/uploads\/2023\/06\/maquina-control-numeric.jpg\" class=\"img-responsive wp-image-7057\" srcset=\"https:\/\/moskito.es\/wp-content\/uploads\/2023\/06\/maquina-control-numeric-200x135.jpg 200w, https:\/\/moskito.es\/wp-content\/uploads\/2023\/06\/maquina-control-numeric-400x271.jpg 400w, https:\/\/moskito.es\/wp-content\/uploads\/2023\/06\/maquina-control-numeric-600x406.jpg 600w, https:\/\/moskito.es\/wp-content\/uploads\/2023\/06\/maquina-control-numeric.jpg 655w\" sizes=\"(max-width: 1024px) 100vw, (max-width: 640px) 100vw, 655px\" \/><\/span><\/div><div class=\"fusion-text fusion-text-36\"><p style=\"text-align: center;\"><strong><em>M\u00e0quina de control num\u00e8ric<\/em><\/strong>.<\/p>\n<\/div><\/div><\/div><div class=\"fusion-layout-column fusion_builder_column fusion-builder-column-38 fusion_builder_column_1_2 1_2 fusion-flex-column\" style=\"--awb-bg-size:cover;--awb-width-large:50%;--awb-margin-top-large:0px;--awb-spacing-right-large:3.84%;--awb-margin-bottom-large:20px;--awb-spacing-left-large:3.84%;--awb-width-medium:100%;--awb-order-medium:0;--awb-spacing-right-medium:1.92%;--awb-spacing-left-medium:1.92%;--awb-width-small:100%;--awb-order-small:0;--awb-spacing-right-small:1.92%;--awb-spacing-left-small:1.92%;\"><div class=\"fusion-column-wrapper fusion-column-has-shadow fusion-flex-justify-content-flex-start fusion-content-layout-column\"><div class=\"fusion-text fusion-text-37\"><h3>Parquets<\/h3>\n<\/div><div class=\"fusion-image-element\" style=\"text-align:center;--awb-caption-title-font-family:var(--h2_typography-font-family);--awb-caption-title-font-weight:var(--h2_typography-font-weight);--awb-caption-title-font-style:var(--h2_typography-font-style);--awb-caption-title-size:var(--h2_typography-font-size);--awb-caption-title-transform:var(--h2_typography-text-transform);--awb-caption-title-line-height:var(--h2_typography-line-height);--awb-caption-title-letter-spacing:var(--h2_typography-letter-spacing);\"><span class=\" fusion-imageframe imageframe-none imageframe-18 hover-type-none\"><img decoding=\"async\" width=\"420\" height=\"420\" alt=\"Moskito parquet Barcelona madera dise\u00f1o Versailles.\" title=\"S\u00f2l de parquet de Versalles.\" src=\"https:\/\/moskito.es\/wp-content\/uploads\/2023\/05\/panel-versailles.jpg\" class=\"img-responsive wp-image-6858\" srcset=\"https:\/\/moskito.es\/wp-content\/uploads\/2023\/05\/panel-versailles-200x200.jpg 200w, https:\/\/moskito.es\/wp-content\/uploads\/2023\/05\/panel-versailles-400x400.jpg 400w, https:\/\/moskito.es\/wp-content\/uploads\/2023\/05\/panel-versailles.jpg 420w\" sizes=\"(max-width: 1024px) 100vw, (max-width: 640px) 100vw, 420px\" \/><\/span><\/div><div class=\"fusion-text fusion-text-38\"><p style=\"text-align: center;\"><strong><em>Composici\u00f3 del parquet Versailles.<\/em><\/strong><\/p>\n<\/div><div class=\"fusion-text fusion-text-39\"><p>Una vegada dissenyada la pe\u00e7a, la podem reproduir quantes vegades vulguem. D&#8217;aquesta manera, podem aconseguir de manera r\u00e0pida i precisa totes les peces d&#8217;un disseny Versailles.<\/p>\n<\/div><\/div><\/div><div class=\"fusion-layout-column fusion_builder_column fusion-builder-column-39 fusion_builder_column_1_2 1_2 fusion-flex-column\" style=\"--awb-bg-size:cover;--awb-width-large:50%;--awb-margin-top-large:0px;--awb-spacing-right-large:3.84%;--awb-margin-bottom-large:20px;--awb-spacing-left-large:3.84%;--awb-width-medium:100%;--awb-order-medium:0;--awb-spacing-right-medium:1.92%;--awb-spacing-left-medium:1.92%;--awb-width-small:100%;--awb-order-small:0;--awb-spacing-right-small:1.92%;--awb-spacing-left-small:1.92%;\"><div class=\"fusion-column-wrapper fusion-column-has-shadow fusion-flex-justify-content-flex-start fusion-content-layout-column\"><div class=\"fusion-text fusion-text-40\"><h3>Escales<\/h3>\n<\/div><div class=\"fusion-image-element\" style=\"--awb-caption-title-font-family:var(--h2_typography-font-family);--awb-caption-title-font-weight:var(--h2_typography-font-weight);--awb-caption-title-font-style:var(--h2_typography-font-style);--awb-caption-title-size:var(--h2_typography-font-size);--awb-caption-title-transform:var(--h2_typography-text-transform);--awb-caption-title-line-height:var(--h2_typography-line-height);--awb-caption-title-letter-spacing:var(--h2_typography-letter-spacing);\"><span class=\" fusion-imageframe imageframe-none imageframe-19 hover-type-none\"><img decoding=\"async\" width=\"800\" height=\"508\" alt=\"Escala de fusta fabricada per control num\u00e8ric.\" title=\"Escala de fusta fabricada per control num\u00e8ric.\" src=\"https:\/\/moskito.es\/wp-content\/uploads\/2023\/06\/escala-fusta.jpg\" class=\"img-responsive wp-image-7059\" srcset=\"https:\/\/moskito.es\/wp-content\/uploads\/2023\/06\/escala-fusta-200x127.jpg 200w, https:\/\/moskito.es\/wp-content\/uploads\/2023\/06\/escala-fusta-400x254.jpg 400w, https:\/\/moskito.es\/wp-content\/uploads\/2023\/06\/escala-fusta-600x381.jpg 600w, https:\/\/moskito.es\/wp-content\/uploads\/2023\/06\/escala-fusta.jpg 800w\" sizes=\"(max-width: 1024px) 100vw, (max-width: 640px) 100vw, 600px\" \/><\/span><\/div><div class=\"fusion-text fusion-text-41\"><p style=\"text-align: center;\"><strong><em>Escales de fusta tallades a control num\u00e8ric.<\/em><\/strong><\/p>\n<\/div><div class=\"fusion-text fusion-text-42\"><p>En el disseny d&#8217;escales, ja siguin cl\u00e0ssiques o modernes, s&#8217;empra el control num\u00e8ric per a garantir la qualitat i precisi\u00f3 de l&#8217;acabat.<\/p>\n<\/div><\/div><\/div><div class=\"fusion-layout-column fusion_builder_column fusion-builder-column-40 fusion_builder_column_1_2 1_2 fusion-flex-column\" style=\"--awb-bg-size:cover;--awb-width-large:50%;--awb-margin-top-large:0px;--awb-spacing-right-large:3.84%;--awb-margin-bottom-large:20px;--awb-spacing-left-large:3.84%;--awb-width-medium:100%;--awb-order-medium:0;--awb-spacing-right-medium:1.92%;--awb-spacing-left-medium:1.92%;--awb-width-small:100%;--awb-order-small:0;--awb-spacing-right-small:1.92%;--awb-spacing-left-small:1.92%;\"><div class=\"fusion-column-wrapper fusion-column-has-shadow fusion-flex-justify-content-flex-start fusion-content-layout-column\"><div class=\"fusion-text fusion-text-43\"><h3>Coberts de iots<\/h3>\n<\/div><div class=\"fusion-image-element\" style=\"--awb-caption-title-font-family:var(--h2_typography-font-family);--awb-caption-title-font-weight:var(--h2_typography-font-weight);--awb-caption-title-font-style:var(--h2_typography-font-style);--awb-caption-title-size:var(--h2_typography-font-size);--awb-caption-title-transform:var(--h2_typography-text-transform);--awb-caption-title-line-height:var(--h2_typography-line-height);--awb-caption-title-letter-spacing:var(--h2_typography-letter-spacing);\"><span class=\" fusion-imageframe imageframe-none imageframe-20 hover-type-none\"><img decoding=\"async\" width=\"1000\" height=\"667\" alt=\" Coberta de fusta en un vaixell.\" title=\"Coberta de fusta en un vaixell.\" src=\"https:\/\/moskito.es\/wp-content\/uploads\/2023\/06\/coberta-embarcacio.jpg\" class=\"img-responsive wp-image-7060\" srcset=\"https:\/\/moskito.es\/wp-content\/uploads\/2023\/06\/coberta-embarcacio-200x133.jpg 200w, https:\/\/moskito.es\/wp-content\/uploads\/2023\/06\/coberta-embarcacio-400x267.jpg 400w, https:\/\/moskito.es\/wp-content\/uploads\/2023\/06\/coberta-embarcacio-600x400.jpg 600w, https:\/\/moskito.es\/wp-content\/uploads\/2023\/06\/coberta-embarcacio-800x534.jpg 800w, https:\/\/moskito.es\/wp-content\/uploads\/2023\/06\/coberta-embarcacio.jpg 1000w\" sizes=\"(max-width: 1024px) 100vw, (max-width: 640px) 100vw, 600px\" \/><\/span><\/div><div class=\"fusion-text fusion-text-44\"><p style=\"text-align: center;\"><strong><em>Coberta de fusta en un iot.<\/em><\/strong><\/p>\n<\/div><div class=\"fusion-text fusion-text-45\"><p>En la fabricaci\u00f3 de iots se solen emprar els millors i m\u00e9s innovadors materials (fibra de carboni, titani, resines epoxi, etc.), encara que rares vegades els s\u00f2ls deixen de ser de fusta.<\/p>\n<p>Igual que antany es calafatejaven els taulons amb brea, ara com ara aquests productes venen fabricats amb juntes de poliuret\u00e0. Aix\u00ed, teques i altres materials venen preparats per a encolar en qualsevol zona humida.<\/p>\n<\/div><\/div><\/div><div class=\"fusion-layout-column fusion_builder_column fusion-builder-column-41 fusion_builder_column_1_2 1_2 fusion-flex-column\" style=\"--awb-bg-size:cover;--awb-width-large:50%;--awb-margin-top-large:0px;--awb-spacing-right-large:3.84%;--awb-margin-bottom-large:20px;--awb-spacing-left-large:3.84%;--awb-width-medium:100%;--awb-order-medium:0;--awb-spacing-right-medium:1.92%;--awb-spacing-left-medium:1.92%;--awb-width-small:100%;--awb-order-small:0;--awb-spacing-right-small:1.92%;--awb-spacing-left-small:1.92%;\"><div class=\"fusion-column-wrapper fusion-column-has-shadow fusion-flex-justify-content-flex-start fusion-content-layout-column\"><div class=\"fusion-text fusion-text-46\"><h3>Parquet per a interior de iots<\/h3>\n<\/div><div class=\"fusion-image-element\" style=\"--awb-caption-title-font-family:var(--h2_typography-font-family);--awb-caption-title-font-weight:var(--h2_typography-font-weight);--awb-caption-title-font-style:var(--h2_typography-font-style);--awb-caption-title-size:var(--h2_typography-font-size);--awb-caption-title-transform:var(--h2_typography-text-transform);--awb-caption-title-line-height:var(--h2_typography-line-height);--awb-caption-title-letter-spacing:var(--h2_typography-letter-spacing);\"><span class=\" fusion-imageframe imageframe-none imageframe-21 hover-type-none\"><img decoding=\"async\" width=\"1000\" height=\"667\" alt=\"Paviment de fusta a l&#039;interior d&#039;un vaixell de luxe.\" title=\"Paviment de fusta a l&#8217;interior d&#8217;un vaixell de luxe.\" src=\"https:\/\/moskito.es\/wp-content\/uploads\/2023\/06\/interior-iot.jpg\" class=\"img-responsive wp-image-7083\" srcset=\"https:\/\/moskito.es\/wp-content\/uploads\/2023\/06\/interior-iot-200x133.jpg 200w, https:\/\/moskito.es\/wp-content\/uploads\/2023\/06\/interior-iot-400x267.jpg 400w, https:\/\/moskito.es\/wp-content\/uploads\/2023\/06\/interior-iot-600x400.jpg 600w, https:\/\/moskito.es\/wp-content\/uploads\/2023\/06\/interior-iot-800x534.jpg 800w, https:\/\/moskito.es\/wp-content\/uploads\/2023\/06\/interior-iot.jpg 1000w\" sizes=\"(max-width: 1024px) 100vw, (max-width: 640px) 100vw, 600px\" \/><\/span><\/div><div class=\"fusion-text fusion-text-47\"><p style=\"text-align: center;\"><strong><em>La fusta atorga bellesa i luxe al m\u00e9s alt nivell a l&#8217;interior d&#8217;un vaixell.<\/em><\/strong><\/p>\n<\/div><div class=\"fusion-text fusion-text-48\"><p>Es tracta d&#8217;un producte ign\u00edfug, lleuger i molt bon a\u00efllant t\u00e8rmic gr\u00e0cies a l&#8217;entramat cel\u00b7lular d&#8217;alumini que compon la base, sobre la que va la capa de fusta de 4 mm.<\/p>\n<\/div><\/div><\/div><\/div><\/div><div class=\"fusion-fullwidth fullwidth-box fusion-builder-row-11 fusion-flex-container has-pattern-background has-mask-background nonhundred-percent-fullwidth non-hundred-percent-height-scrolling\" style=\"--awb-border-radius-top-left:0px;--awb-border-radius-top-right:0px;--awb-border-radius-bottom-right:0px;--awb-border-radius-bottom-left:0px;--awb-flex-wrap:wrap;\" ><div class=\"fusion-builder-row fusion-row fusion-flex-align-items-flex-start fusion-flex-content-wrap\" style=\"max-width:1190.8px;margin-left: calc(-4% \/ 2 );margin-right: calc(-4% \/ 2 );\"><div class=\"fusion-layout-column fusion_builder_column fusion-builder-column-42 fusion_builder_column_1_1 1_1 fusion-flex-column\" style=\"--awb-bg-size:cover;--awb-width-large:100%;--awb-margin-top-large:0px;--awb-spacing-right-large:1.92%;--awb-margin-bottom-large:20px;--awb-spacing-left-large:1.92%;--awb-width-medium:100%;--awb-order-medium:0;--awb-spacing-right-medium:1.92%;--awb-spacing-left-medium:1.92%;--awb-width-small:100%;--awb-order-small:0;--awb-spacing-right-small:1.92%;--awb-spacing-left-small:1.92%;\"><div class=\"fusion-column-wrapper fusion-column-has-shadow fusion-flex-justify-content-flex-start fusion-content-layout-column\"><div class=\"fusion-text fusion-text-49\"><h2><strong>Normatives i sostenibilitat dels parquets<\/strong><\/h2>\n<p>Els nous temps tamb\u00e9 han portat normatives m\u00e9s exigents. Tant a nivell europeu com nacional, fins i tot local, <strong>cada vegada s\u00f3n m\u00e9s les normatives obligat\u00f2ries<\/strong>.<\/p>\n<p>M\u00e9s si cap en instal\u00b7lacions d&#8217;\u00e0mbit p\u00fablic per a les quals s\u00f3n necessaris certificats contra el foc, antilliscament, ac\u00fastics, etc.<\/p>\n<p>Aix\u00ed mateix, <strong>el control del parquet de fusta comen\u00e7a durant el proc\u00e9s de fabricaci\u00f3<\/strong>, en el qual intervenen m\u00e9s productes: adhesius, vernissos, resines\u2026 tots han de passar rigorosos controls mediambientals i de sostenibilitat.<\/p>\n<p>Per part seva, la fusta ha de controlar-se en origen amb certificats tipus FSC (Forest Stewardship Council) o PEFC (l&#8217;associaci\u00f3 per a la sostenibilitat forestal m\u00e9s gran del m\u00f3n) que certifiquen la gesti\u00f3 forestal i la cadena de cust\u00f2dia. Pots ampliar aquesta informaci\u00f3 en l&#8217;apartat d&#8217;aquesta web <a href=\"https:\/\/moskito.es\/ca\/moskito\/qualitat-i-medi-ambient\/\">QUALITAT I MEDI AMBIENT<\/a><\/p>\n<\/div><\/div><\/div><div class=\"fusion-layout-column fusion_builder_column fusion-builder-column-43 fusion_builder_column_1_4 1_4 fusion-flex-column\" style=\"--awb-bg-size:cover;--awb-width-large:25%;--awb-margin-top-large:0px;--awb-spacing-right-large:7.68%;--awb-margin-bottom-large:20px;--awb-spacing-left-large:7.68%;--awb-width-medium:100%;--awb-order-medium:0;--awb-spacing-right-medium:1.92%;--awb-spacing-left-medium:1.92%;--awb-width-small:100%;--awb-order-small:0;--awb-spacing-right-small:1.92%;--awb-spacing-left-small:1.92%;\"><div class=\"fusion-column-wrapper fusion-column-has-shadow fusion-flex-justify-content-flex-start fusion-content-layout-column\"><div class=\"fusion-image-element\" style=\"--awb-caption-title-font-family:var(--h2_typography-font-family);--awb-caption-title-font-weight:var(--h2_typography-font-weight);--awb-caption-title-font-style:var(--h2_typography-font-style);--awb-caption-title-size:var(--h2_typography-font-size);--awb-caption-title-transform:var(--h2_typography-text-transform);--awb-caption-title-line-height:var(--h2_typography-line-height);--awb-caption-title-letter-spacing:var(--h2_typography-letter-spacing);\"><span class=\" fusion-imageframe imageframe-none imageframe-22 hover-type-none\"><img decoding=\"async\" width=\"440\" height=\"148\" alt=\"Cerfificats PEFC, FSC y cradletocradle.\" title=\"Cerfificats PEFC, FSC y cradletocradle.\" src=\"https:\/\/moskito.es\/wp-content\/uploads\/2023\/06\/certificats-sostenibilitat.jpg\" class=\"img-responsive wp-image-7061\" srcset=\"https:\/\/moskito.es\/wp-content\/uploads\/2023\/06\/certificats-sostenibilitat-200x67.jpg 200w, https:\/\/moskito.es\/wp-content\/uploads\/2023\/06\/certificats-sostenibilitat-400x135.jpg 400w, https:\/\/moskito.es\/wp-content\/uploads\/2023\/06\/certificats-sostenibilitat.jpg 440w\" sizes=\"(max-width: 1024px) 100vw, (max-width: 640px) 100vw, 400px\" \/><\/span><\/div><\/div><\/div><div class=\"fusion-layout-column fusion_builder_column fusion-builder-column-44 fusion_builder_column_3_4 3_4 fusion-flex-column\" style=\"--awb-bg-size:cover;--awb-width-large:75%;--awb-margin-top-large:0px;--awb-spacing-right-large:2.56%;--awb-margin-bottom-large:20px;--awb-spacing-left-large:2.56%;--awb-width-medium:100%;--awb-order-medium:0;--awb-spacing-right-medium:1.92%;--awb-spacing-left-medium:1.92%;--awb-width-small:100%;--awb-order-small:0;--awb-spacing-right-small:1.92%;--awb-spacing-left-small:1.92%;\"><div class=\"fusion-column-wrapper fusion-column-has-shadow fusion-flex-justify-content-flex-start fusion-content-layout-column\"><div class=\"fusion-text fusion-text-50\"><p>Per part seva, la fusta ha de controlar-se en origen amb certificats tipus FSC (Forest Stewardship Council) o PEFC (l&#8217;associaci\u00f3 per a la sostenibilitat forestal m\u00e9s gran del m\u00f3n) que certifiquen la gesti\u00f3 forestal i la cadena de cust\u00f2dia.<\/p>\n<\/div><\/div><\/div><div class=\"fusion-layout-column fusion_builder_column fusion-builder-column-45 fusion_builder_column_1_1 1_1 fusion-flex-column\" style=\"--awb-bg-size:cover;--awb-width-large:100%;--awb-margin-top-large:0px;--awb-spacing-right-large:1.92%;--awb-margin-bottom-large:20px;--awb-spacing-left-large:1.92%;--awb-width-medium:100%;--awb-order-medium:0;--awb-spacing-right-medium:1.92%;--awb-spacing-left-medium:1.92%;--awb-width-small:100%;--awb-order-small:0;--awb-spacing-right-small:1.92%;--awb-spacing-left-small:1.92%;\"><div class=\"fusion-column-wrapper fusion-column-has-shadow fusion-flex-justify-content-flex-start fusion-content-layout-column\"><div class=\"fusion-text fusion-text-51\"><p>Per posar un exemple, <strong>a Alemanya existeix un certificat de sostenibilitat per a productes fabricats amb un percentatge d&#8217;elements reciclats<\/strong>, per la qual cosa \u00e9s com\u00fa trobar Dm o aglomerats en parquets d&#8217;aquest pa\u00eds.<\/p>\n<\/div><\/div><\/div><\/div><\/div><div class=\"fusion-fullwidth fullwidth-box fusion-builder-row-12 fusion-flex-container has-pattern-background has-mask-background nonhundred-percent-fullwidth non-hundred-percent-height-scrolling\" style=\"--awb-border-radius-top-left:0px;--awb-border-radius-top-right:0px;--awb-border-radius-bottom-right:0px;--awb-border-radius-bottom-left:0px;--awb-flex-wrap:wrap;\" ><div class=\"fusion-builder-row fusion-row fusion-flex-align-items-flex-start fusion-flex-content-wrap\" style=\"max-width:1190.8px;margin-left: calc(-4% \/ 2 );margin-right: calc(-4% \/ 2 );\"><div class=\"fusion-layout-column fusion_builder_column fusion-builder-column-46 fusion_builder_column_1_1 1_1 fusion-flex-column\" style=\"--awb-bg-size:cover;--awb-width-large:100%;--awb-margin-top-large:0px;--awb-spacing-right-large:1.92%;--awb-margin-bottom-large:20px;--awb-spacing-left-large:1.92%;--awb-width-medium:100%;--awb-order-medium:0;--awb-spacing-right-medium:1.92%;--awb-spacing-left-medium:1.92%;--awb-width-small:100%;--awb-order-small:0;--awb-spacing-right-small:1.92%;--awb-spacing-left-small:1.92%;\"><div class=\"fusion-column-wrapper fusion-column-has-shadow fusion-flex-justify-content-flex-start fusion-content-layout-column\"><div class=\"fusion-text fusion-text-52\"><h2><strong>Vinils<\/strong><\/h2>\n<p>Degut precisament a l&#8217;exig\u00e8ncia d&#8217;aquests certificats quant a foc, lliscament i abrasi\u00f3, <strong>han proliferat productes espec\u00edfics per a zones p\u00fabliques d&#8217;alt tr\u00e0nsit<\/strong>, hotels, aeroports, centres comercials, etc.<\/p>\n<p>Els vinils <strong>passen escrupolosos requisits de comportament electroest\u00e0tic<\/strong>, resist\u00e8ncia t\u00e8rmica, etc. que els converteixen en l&#8217;elecci\u00f3 principal en grans superf\u00edcies.<\/p>\n<p><a href=\"https:\/\/moskito.es\/ca\/producte\/paviments-de-vinil-lvt\/\">Et recomanem visitis els S\u00d2LS DE VINIL \u2013 LVT MFLOR.<\/a><\/p>\n<\/div><div class=\"fusion-image-element\" style=\"--awb-caption-title-font-family:var(--h2_typography-font-family);--awb-caption-title-font-weight:var(--h2_typography-font-weight);--awb-caption-title-font-style:var(--h2_typography-font-style);--awb-caption-title-size:var(--h2_typography-font-size);--awb-caption-title-transform:var(--h2_typography-text-transform);--awb-caption-title-line-height:var(--h2_typography-line-height);--awb-caption-title-letter-spacing:var(--h2_typography-letter-spacing);\"><span class=\" fusion-imageframe imageframe-none imageframe-23 hover-type-none\"><img decoding=\"async\" width=\"1672\" height=\"732\" alt=\" S\u00f2ls LVT MFLOR instal\u00b7lats en botigues de la marca Tous.\" title=\"S\u00f2ls LVT MFLOR instal\u00b7lats en botigues de la marca Tous.\" src=\"https:\/\/moskito.es\/wp-content\/uploads\/2023\/06\/paviments-vinilics.jpg\" class=\"img-responsive wp-image-7062\" srcset=\"https:\/\/moskito.es\/wp-content\/uploads\/2023\/06\/paviments-vinilics-200x88.jpg 200w, https:\/\/moskito.es\/wp-content\/uploads\/2023\/06\/paviments-vinilics-400x175.jpg 400w, https:\/\/moskito.es\/wp-content\/uploads\/2023\/06\/paviments-vinilics-600x263.jpg 600w, https:\/\/moskito.es\/wp-content\/uploads\/2023\/06\/paviments-vinilics-800x350.jpg 800w, https:\/\/moskito.es\/wp-content\/uploads\/2023\/06\/paviments-vinilics-1200x525.jpg 1200w, https:\/\/moskito.es\/wp-content\/uploads\/2023\/06\/paviments-vinilics.jpg 1672w\" sizes=\"(max-width: 1024px) 100vw, (max-width: 640px) 100vw, 1200px\" \/><\/span><\/div><div class=\"fusion-text fusion-text-53\" style=\"--awb-margin-top:20px;\"><p style=\"text-align: center;\"><strong><em>Vinil MFOR en botiga Tous del centre comercial Diagonal Mar de Barcelona.<\/em><\/strong><\/p>\n<\/div><\/div><\/div><\/div><\/div><\/p>\n","protected":false},"excerpt":{"rendered":"<p>Amb el segle XX, van arribar nous temps tamb\u00e9 per al parquet, amb formats de l\u00e0mines m\u00e9s curtes i dissenys senzills que han perdurat fins als nostres dies. Aix\u00ed, el cl\u00e0ssic parquet a l&#8217;anglesa amb junta lliure o regular, el d&#8217;espiga i les seves variants, o el parquet de \u00abpunta Hongria\u00bb es van convertir en  [&#8230;]<\/p>\n","protected":false},"author":2,"featured_media":7040,"comment_status":"closed","ping_status":"closed","sticky":false,"template":"","format":"standard","meta":{"footnotes":""},"categories":[],"tags":[],"class_list":["post-7030","post","type-post","status-publish","format-standard","has-post-thumbnail","hentry"],"yoast_head":"<!-- This site is optimized with the Yoast SEO plugin v28.3 - https:\/\/yoast.com\/product\/yoast-seo-wordpress\/ -->\n<title>Hist\u00f2ria del parquet - Part II: Evoluci\u00f3 i industrialitzaci\u00f3<\/title>\n<meta name=\"description\" content=\"Descobreix l&#039;evoluci\u00f3 del parquet de fusta al llarg del segle XX i la seva gran adaptaci\u00f3 quant a fabricaci\u00f3, acabats, prestacions i normatives.\" \/>\n<meta name=\"robots\" content=\"index, follow, max-snippet:-1, max-image-preview:large, max-video-preview:-1\" \/>\n<link rel=\"canonical\" href=\"https:\/\/moskito.es\/ca\/wp-json\/wp\/v2\/posts\/7030\" \/>\n<meta property=\"og:locale\" content=\"ca_ES\" \/>\n<meta property=\"og:type\" content=\"article\" \/>\n<meta property=\"og:title\" content=\"Hist\u00f2ria del parquet - Part II: Evoluci\u00f3 i industrialitzaci\u00f3\" \/>\n<meta property=\"og:description\" content=\"Descobreix l&#039;evoluci\u00f3 del parquet de fusta al llarg del segle XX i la seva gran adaptaci\u00f3 quant a fabricaci\u00f3, acabats, prestacions i normatives.\" \/>\n<meta property=\"og:url\" content=\"https:\/\/moskito.es\/ca\/historia-del-parquet-segona-part\/\" \/>\n<meta property=\"og:site_name\" content=\"Moskito Parquets\" \/>\n<meta property=\"article:published_time\" content=\"2024-05-31T15:02:45+00:00\" \/>\n<meta property=\"article:modified_time\" content=\"2026-06-23T08:35:16+00:00\" \/>\n<meta property=\"og:image\" content=\"https:\/\/moskito.es\/wp-content\/uploads\/2023\/06\/paviment-vinilic.jpg\" \/>\n\t<meta property=\"og:image:width\" content=\"1110\" \/>\n\t<meta property=\"og:image:height\" content=\"744\" \/>\n\t<meta property=\"og:image:type\" content=\"image\/jpeg\" \/>\n<meta name=\"author\" content=\"Xavi Font\" \/>\n<!-- \/ Yoast SEO plugin. -->","yoast_head_json":{"title":"Hist\u00f2ria del parquet - Part II: Evoluci\u00f3 i industrialitzaci\u00f3","description":"Descobreix l'evoluci\u00f3 del parquet de fusta al llarg del segle XX i la seva gran adaptaci\u00f3 quant a fabricaci\u00f3, acabats, prestacions i normatives.","robots":{"index":"index","follow":"follow","max-snippet":"max-snippet:-1","max-image-preview":"max-image-preview:large","max-video-preview":"max-video-preview:-1"},"canonical":"https:\/\/moskito.es\/ca\/wp-json\/wp\/v2\/posts\/7030","og_locale":"ca_ES","og_type":"article","og_title":"Hist\u00f2ria del parquet - Part II: Evoluci\u00f3 i industrialitzaci\u00f3","og_description":"Descobreix l'evoluci\u00f3 del parquet de fusta al llarg del segle XX i la seva gran adaptaci\u00f3 quant a fabricaci\u00f3, acabats, prestacions i normatives.","og_url":"https:\/\/moskito.es\/ca\/historia-del-parquet-segona-part\/","og_site_name":"Moskito Parquets","article_published_time":"2024-05-31T15:02:45+00:00","article_modified_time":"2026-06-23T08:35:16+00:00","og_image":[{"width":1110,"height":744,"url":"https:\/\/moskito.es\/wp-content\/uploads\/2023\/06\/paviment-vinilic.jpg","type":"image\/jpeg"}],"author":"Xavi Font","schema":{"@context":"https:\/\/schema.org","@graph":[{"@type":"Article","@id":"https:\/\/moskito.es\/ca\/historia-del-parquet-segona-part\/#article","isPartOf":{"@id":"https:\/\/moskito.es\/ca\/historia-del-parquet-segona-part\/"},"author":{"name":"Xavi Font","@id":"https:\/\/moskito.es\/ca\/#\/schema\/person\/8e9130882b0c880c20c0bba26ea357d7"},"headline":"El parquet en l&#8217;actualitat: innovacions del segle XX","datePublished":"2024-05-31T15:02:45+00:00","dateModified":"2026-06-23T08:35:16+00:00","mainEntityOfPage":{"@id":"https:\/\/moskito.es\/ca\/historia-del-parquet-segona-part\/"},"wordCount":34707,"publisher":{"@id":"https:\/\/moskito.es\/ca\/#organization"},"image":{"@id":"https:\/\/moskito.es\/ca\/historia-del-parquet-segona-part\/#primaryimage"},"thumbnailUrl":"https:\/\/moskito.es\/wp-content\/uploads\/2023\/06\/paviment-vinilic.jpg","inLanguage":"ca"},{"@type":"WebPage","@id":"https:\/\/moskito.es\/ca\/historia-del-parquet-segona-part\/","url":"https:\/\/moskito.es\/ca\/historia-del-parquet-segona-part\/","name":"Hist\u00f2ria del parquet - Part II: Evoluci\u00f3 i industrialitzaci\u00f3","isPartOf":{"@id":"https:\/\/moskito.es\/ca\/#website"},"primaryImageOfPage":{"@id":"https:\/\/moskito.es\/ca\/historia-del-parquet-segona-part\/#primaryimage"},"image":{"@id":"https:\/\/moskito.es\/ca\/historia-del-parquet-segona-part\/#primaryimage"},"thumbnailUrl":"https:\/\/moskito.es\/wp-content\/uploads\/2023\/06\/paviment-vinilic.jpg","datePublished":"2024-05-31T15:02:45+00:00","dateModified":"2026-06-23T08:35:16+00:00","description":"Descobreix l'evoluci\u00f3 del parquet de fusta al llarg del segle XX i la seva gran adaptaci\u00f3 quant a fabricaci\u00f3, acabats, prestacions i normatives.","breadcrumb":{"@id":"https:\/\/moskito.es\/ca\/historia-del-parquet-segona-part\/#breadcrumb"},"inLanguage":"ca","potentialAction":[{"@type":"ReadAction","target":["https:\/\/moskito.es\/ca\/historia-del-parquet-segona-part\/"]}]},{"@type":"ImageObject","inLanguage":"ca","@id":"https:\/\/moskito.es\/ca\/historia-del-parquet-segona-part\/#primaryimage","url":"https:\/\/moskito.es\/wp-content\/uploads\/2023\/06\/paviment-vinilic.jpg","contentUrl":"https:\/\/moskito.es\/wp-content\/uploads\/2023\/06\/paviment-vinilic.jpg","width":1110,"height":744,"caption":"S\u00f2l de vinil mFLOR."},{"@type":"BreadcrumbList","@id":"https:\/\/moskito.es\/ca\/historia-del-parquet-segona-part\/#breadcrumb","itemListElement":[{"@type":"ListItem","position":1,"name":"Portada","item":"https:\/\/moskito.es\/ca\/"},{"@type":"ListItem","position":2,"name":"El parquet en l&#8217;actualitat: innovacions del segle XX"}]},{"@type":"WebSite","@id":"https:\/\/moskito.es\/ca\/#website","url":"https:\/\/moskito.es\/ca\/","name":"Parquets Moskito","description":"Los mejores parquets de Barcelona","publisher":{"@id":"https:\/\/moskito.es\/ca\/#organization"},"potentialAction":[{"@type":"SearchAction","target":{"@type":"EntryPoint","urlTemplate":"https:\/\/moskito.es\/ca\/?s={search_term_string}"},"query-input":{"@type":"PropertyValueSpecification","valueRequired":true,"valueName":"search_term_string"}}],"inLanguage":"ca"},{"@type":"Organization","@id":"https:\/\/moskito.es\/ca\/#organization","name":"Mokito","url":"https:\/\/moskito.es\/ca\/","logo":{"@type":"ImageObject","inLanguage":"ca","@id":"https:\/\/moskito.es\/ca\/#\/schema\/logo\/image\/","url":"https:\/\/moskito.es\/wp-content\/uploads\/2016\/04\/logotipo.png","contentUrl":"https:\/\/moskito.es\/wp-content\/uploads\/2016\/04\/logotipo.png","width":151,"height":58,"caption":"Mokito"},"image":{"@id":"https:\/\/moskito.es\/ca\/#\/schema\/logo\/image\/"}},{"@type":"Person","@id":"https:\/\/moskito.es\/ca\/#\/schema\/person\/8e9130882b0c880c20c0bba26ea357d7","name":"Xavi Font","image":{"@type":"ImageObject","inLanguage":"ca","@id":"https:\/\/secure.gravatar.com\/avatar\/4674fac1a7eac08347b1d703376900567caced8dd704c2987c78dc37f20890ee?s=96&d=mm&r=g","url":"https:\/\/secure.gravatar.com\/avatar\/4674fac1a7eac08347b1d703376900567caced8dd704c2987c78dc37f20890ee?s=96&d=mm&r=g","contentUrl":"https:\/\/secure.gravatar.com\/avatar\/4674fac1a7eac08347b1d703376900567caced8dd704c2987c78dc37f20890ee?s=96&d=mm&r=g","caption":"Xavi Font"},"description":"Artesano del parquet. M\u00e1s de 15 a\u00f1os de experiencia en el mundo del parquet. Miembro de la Asociaci\u00f3n Catalana de Industriales del Parquet (ACIP) y de la Federaci\u00f3n Espa\u00f1ola de Pavimentos de Madera (FEPM).","sameAs":["https:\/\/moskito.es\/xavi-font\/"]}]}},"_links":{"self":[{"href":"https:\/\/moskito.es\/ca\/wp-json\/wp\/v2\/posts\/7030","targetHints":{"allow":["GET"]}}],"collection":[{"href":"https:\/\/moskito.es\/ca\/wp-json\/wp\/v2\/posts"}],"about":[{"href":"https:\/\/moskito.es\/ca\/wp-json\/wp\/v2\/types\/post"}],"author":[{"embeddable":true,"href":"https:\/\/moskito.es\/ca\/wp-json\/wp\/v2\/users\/2"}],"replies":[{"embeddable":true,"href":"https:\/\/moskito.es\/ca\/wp-json\/wp\/v2\/comments?post=7030"}],"version-history":[{"count":3,"href":"https:\/\/moskito.es\/ca\/wp-json\/wp\/v2\/posts\/7030\/revisions"}],"predecessor-version":[{"id":15696,"href":"https:\/\/moskito.es\/ca\/wp-json\/wp\/v2\/posts\/7030\/revisions\/15696"}],"wp:featuredmedia":[{"embeddable":true,"href":"https:\/\/moskito.es\/ca\/wp-json\/wp\/v2\/media\/7040"}],"wp:attachment":[{"href":"https:\/\/moskito.es\/ca\/wp-json\/wp\/v2\/media?parent=7030"}],"wp:term":[{"taxonomy":"category","embeddable":true,"href":"https:\/\/moskito.es\/ca\/wp-json\/wp\/v2\/categories?post=7030"},{"taxonomy":"post_tag","embeddable":true,"href":"https:\/\/moskito.es\/ca\/wp-json\/wp\/v2\/tags?post=7030"}],"curies":[{"name":"wp","href":"https:\/\/api.w.org\/{rel}","templated":true}]}}