{"id":8250,"date":"2025-04-29T12:00:31","date_gmt":"2025-04-29T12:00:31","guid":{"rendered":"https:\/\/moskito.es\/?p=8250"},"modified":"2026-06-23T10:22:26","modified_gmt":"2026-06-23T10:22:26","slug":"un-terra-de-fusta-recuperada-pel-restaurant-la-canibal","status":"publish","type":"post","link":"https:\/\/moskito.es\/ca\/un-terra-de-fusta-recuperada-pel-restaurant-la-canibal\/","title":{"rendered":"Un terra de fusta recuperada pel restaurant La Can\u00edbal"},"content":{"rendered":"<p><div class=\"fusion-fullwidth fullwidth-box fusion-builder-row-1 fusion-flex-container nonhundred-percent-fullwidth non-hundred-percent-height-scrolling\" style=\"--awb-border-radius-top-left:0px;--awb-border-radius-top-right:0px;--awb-border-radius-bottom-right:0px;--awb-border-radius-bottom-left:0px;--awb-flex-wrap:wrap;\" ><div class=\"fusion-builder-row fusion-row fusion-flex-align-items-flex-start fusion-flex-content-wrap\" style=\"max-width:1190.8px;margin-left: calc(-4% \/ 2 );margin-right: calc(-4% \/ 2 );\"><div class=\"fusion-layout-column fusion_builder_column fusion-builder-column-0 fusion_builder_column_1_1 1_1 fusion-flex-column\" style=\"--awb-bg-size:cover;--awb-width-large:100%;--awb-margin-top-large:0px;--awb-spacing-right-large:1.92%;--awb-margin-bottom-large:0px;--awb-spacing-left-large:1.92%;--awb-width-medium:100%;--awb-spacing-right-medium:1.92%;--awb-spacing-left-medium:1.92%;--awb-width-small:100%;--awb-spacing-right-small:1.92%;--awb-spacing-left-small:1.92%;\"><div class=\"fusion-column-wrapper fusion-flex-justify-content-flex-start fusion-content-layout-column\"><div class=\"fusion-text fusion-text-1\"><p>La Can\u00edbal no \u00e9s un restaurant qualsevol. Situat en ple centre de Madrid, aquest espai gastron\u00f2mic aposta decididament per la sostenibilitat, l&#8217;artesania i l&#8217;autenticitat en cada detall. Aix\u00ed que quan va arribar el moment de triar el s\u00f2l per al seu nou projecte, la decisi\u00f3 va ser clara: <strong>fusta recuperada<\/strong>. La Can\u00edbal ha aconseguit un ambient \u00fanic gr\u00e0cies a un espectacular s<strong>\u00f2l de fusta recuperada<\/strong> de la gamma <a href=\"https:\/\/moskito.es\/ca\/producte\/fusta-per-a-interiors\/restaura\/\"><u>Restaura<\/u><\/a> de Moskito.<\/p>\n<\/div><\/div><\/div><\/div><\/div><div class=\"fusion-fullwidth fullwidth-box fusion-builder-row-2 fusion-flex-container has-pattern-background has-mask-background nonhundred-percent-fullwidth non-hundred-percent-height-scrolling\" style=\"--awb-border-radius-top-left:0px;--awb-border-radius-top-right:0px;--awb-border-radius-bottom-right:0px;--awb-border-radius-bottom-left:0px;--awb-margin-top:40px;--awb-margin-bottom:40px;--awb-flex-wrap:wrap;\" ><div class=\"fusion-builder-row fusion-row fusion-flex-align-items-flex-start fusion-flex-content-wrap\" style=\"max-width:1190.8px;margin-left: calc(-4% \/ 2 );margin-right: calc(-4% \/ 2 );\"><div class=\"fusion-layout-column fusion_builder_column fusion-builder-column-1 fusion_builder_column_1_2 1_2 fusion-flex-column\" style=\"--awb-bg-size:cover;--awb-width-large:50%;--awb-margin-top-large:0px;--awb-spacing-right-large:3.84%;--awb-margin-bottom-large:0px;--awb-spacing-left-large:3.84%;--awb-width-medium:100%;--awb-spacing-right-medium:1.92%;--awb-spacing-left-medium:1.92%;--awb-width-small:100%;--awb-spacing-right-small:1.92%;--awb-spacing-left-small:1.92%;\"><div class=\"fusion-column-wrapper fusion-flex-justify-content-flex-start fusion-content-layout-column\"><div class=\"fusion-separator fusion-full-width-sep\" style=\"align-self: center;margin-left: auto;margin-right: auto;margin-top:20px;width:100%;\"><div class=\"fusion-separator-border sep-double\" style=\"--awb-height:20px;--awb-amount:20px;border-color:#e0dede;border-top-width:0px;border-bottom-width:0px;\"><\/div><\/div><div class=\"fusion-text fusion-text-2\"><h2>La fusta recuperada: bellesa, hist\u00f2ria i sostenibilitat<\/h2>\n<\/div><div class=\"fusion-separator fusion-full-width-sep\" style=\"align-self: center;margin-left: auto;margin-right: auto;margin-top:20px;width:100%;\"><div class=\"fusion-separator-border sep-double\" style=\"--awb-height:20px;--awb-amount:20px;border-color:#e0dede;border-top-width:0px;border-bottom-width:0px;\"><\/div><\/div><div class=\"fusion-text fusion-text-3\"><p>La <strong>fusta recuperada<\/strong> prov\u00e9 de bigues, s\u00f2ls i estructures d&#8217;edificacions antigues. Conservar-la, restaurar-la i donar-li una nova vida \u00e9s molt m\u00e9s que una tend\u00e8ncia: \u00e9s una manera de preservar el car\u00e0cter dels materials nobles i d&#8217;apostar per una construcci\u00f3 m\u00e9s conscient i respectuosa amb el medi ambient.<\/p>\n<p>Cada taula conta una hist\u00f2ria. Les marques del temps,<strong> les vetes profundes, els nusos i les imperfeccions s\u00f3n testimonis de la seva autenticitat i el seu passat<\/strong>. I precisament aquesta riquesa est\u00e8tica i hist\u00f2rica \u00e9s la que dota a projectes com La Can\u00edbal d&#8217;una personalitat inimitable.<\/p>\n<p>A m\u00e9s, l&#8217;elecci\u00f3 d&#8217;<strong>un s\u00f2l de fusta recuperada contribueix directament a la reducci\u00f3 de la petjada de carboni i minimitza l&#8217;impacte mediambiental<\/strong> associat a la tala de nous arbres. Un comprom\u00eds amb el planeta que cada vegada m\u00e9s arquitectes, interioristas i hostalers volen integrar en els seus projectes.<\/p>\n<\/div><\/div><\/div><div class=\"fusion-layout-column fusion_builder_column fusion-builder-column-2 fusion_builder_column_1_2 1_2 fusion-flex-column\" style=\"--awb-bg-size:cover;--awb-width-large:50%;--awb-margin-top-large:0px;--awb-spacing-right-large:3.84%;--awb-margin-bottom-large:20px;--awb-spacing-left-large:3.84%;--awb-width-medium:100%;--awb-order-medium:0;--awb-spacing-right-medium:1.92%;--awb-spacing-left-medium:1.92%;--awb-width-small:100%;--awb-order-small:0;--awb-spacing-right-small:1.92%;--awb-spacing-left-small:1.92%;\" data-scroll-devices=\"small-visibility,medium-visibility,large-visibility\"><div class=\"fusion-column-wrapper fusion-column-has-shadow fusion-flex-justify-content-flex-start fusion-content-layout-column\"><div class=\"fusion-image-element\" style=\"--awb-caption-title-font-family:var(--h2_typography-font-family);--awb-caption-title-font-weight:var(--h2_typography-font-weight);--awb-caption-title-font-style:var(--h2_typography-font-style);--awb-caption-title-size:var(--h2_typography-font-size);--awb-caption-title-transform:var(--h2_typography-text-transform);--awb-caption-title-line-height:var(--h2_typography-line-height);--awb-caption-title-letter-spacing:var(--h2_typography-letter-spacing);\"><span class=\" fusion-imageframe imageframe-none imageframe-1 hover-type-none\"><img decoding=\"async\" width=\"787\" height=\"1204\" alt=\"Detall del s\u00f2l de fusta recuperada al costat de la barra del restaurant La Can\u00edbal\" title=\"Detall del s\u00f2l de fusta recuperada al costat de la barra del restaurant La Can\u00edbal\" src=\"https:\/\/moskito.es\/wp-content\/uploads\/2025\/04\/sol-fusta-recuperada-la-canibal-barra.jpg\" class=\"img-responsive wp-image-13246\" srcset=\"https:\/\/moskito.es\/wp-content\/uploads\/2025\/04\/sol-fusta-recuperada-la-canibal-barra-200x306.jpg 200w, https:\/\/moskito.es\/wp-content\/uploads\/2025\/04\/sol-fusta-recuperada-la-canibal-barra-400x612.jpg 400w, https:\/\/moskito.es\/wp-content\/uploads\/2025\/04\/sol-fusta-recuperada-la-canibal-barra-600x918.jpg 600w, https:\/\/moskito.es\/wp-content\/uploads\/2025\/04\/sol-fusta-recuperada-la-canibal-barra.jpg 787w\" sizes=\"(max-width: 1024px) 100vw, (max-width: 640px) 100vw, 600px\" \/><\/span><\/div><\/div><\/div><\/div><\/div><div class=\"fusion-fullwidth fullwidth-box fusion-builder-row-3 fusion-flex-container has-pattern-background has-mask-background nonhundred-percent-fullwidth non-hundred-percent-height-scrolling\" style=\"--awb-border-radius-top-left:0px;--awb-border-radius-top-right:0px;--awb-border-radius-bottom-right:0px;--awb-border-radius-bottom-left:0px;--awb-margin-top:40px;--awb-margin-bottom:40px;--awb-flex-wrap:wrap;\" ><div class=\"fusion-builder-row fusion-row fusion-flex-align-items-flex-start fusion-flex-content-wrap\" style=\"max-width:1190.8px;margin-left: calc(-4% \/ 2 );margin-right: calc(-4% \/ 2 );\"><div class=\"fusion-layout-column fusion_builder_column fusion-builder-column-3 fusion_builder_column_1_1 1_1 fusion-flex-column\" style=\"--awb-bg-size:cover;--awb-width-large:100%;--awb-margin-top-large:0px;--awb-spacing-right-large:1.92%;--awb-margin-bottom-large:0px;--awb-spacing-left-large:1.92%;--awb-width-medium:100%;--awb-spacing-right-medium:1.92%;--awb-spacing-left-medium:1.92%;--awb-width-small:100%;--awb-spacing-right-small:1.92%;--awb-spacing-left-small:1.92%;\"><div class=\"fusion-column-wrapper fusion-flex-justify-content-flex-start fusion-content-layout-column\"><div class=\"fusion-text fusion-text-4\"><h2>El repte: trobar la fusta perfecta per a la Can\u00edbal<\/h2>\n<\/div><div class=\"fusion-separator fusion-full-width-sep\" style=\"align-self: center;margin-left: auto;margin-right: auto;margin-top:20px;width:100%;\"><div class=\"fusion-separator-border sep-double\" style=\"--awb-height:20px;--awb-amount:20px;border-color:#e0dede;border-top-width:0px;border-bottom-width:0px;\"><\/div><\/div><div class=\"fusion-text fusion-text-5\"><p>Quan l&#8217;equip de La Can\u00edbal va confiar en MoskitoParquets, ens van traslladar la seva idea: volien que el s\u00f2l fos molt m\u00e9s que un suport funcional; havia de formar part essencial de l&#8217;experi\u00e8ncia del local, connectant amb els valors d&#8217;autenticitat, tradici\u00f3 i sostenibilitat que defineixen la seva cuina i la seva filosofia.<\/p>\n<p>Despr\u00e9s d&#8217;analitzar diferents opcions, la gamma Restaura de <strong>fusta per a interiors<\/strong> de MoskitoParquets es va perfilar com l&#8217;elecci\u00f3 ideal. Es tractava de trobar fustes amb car\u00e0cter, petjades de vida i, alhora, amb la<strong> resist\u00e8ncia necess\u00e0ria per a suportar l&#8217;alt tr\u00e0nsit d&#8217;un restaurant din\u00e0mic.<\/strong><\/p>\n<\/div><div class=\"fusion-image-element\" style=\"text-align:center;--awb-caption-title-font-family:var(--h2_typography-font-family);--awb-caption-title-font-weight:var(--h2_typography-font-weight);--awb-caption-title-font-style:var(--h2_typography-font-style);--awb-caption-title-size:var(--h2_typography-font-size);--awb-caption-title-transform:var(--h2_typography-text-transform);--awb-caption-title-line-height:var(--h2_typography-line-height);--awb-caption-title-letter-spacing:var(--h2_typography-letter-spacing);\"><span class=\" fusion-imageframe imageframe-none imageframe-2 hover-type-none\"><img decoding=\"async\" width=\"1088\" height=\"726\" alt=\"Detall la integraci\u00f3 entre el s\u00f2l de fusta recuperada i el mobiliari en La Can\u00edbal\" title=\"Detall la integraci\u00f3 entre el s\u00f2l de fusta recuperada i el mobiliari en La Can\u00edbal\" src=\"https:\/\/moskito.es\/wp-content\/uploads\/2025\/04\/mobiliari-sol-fusta-recuperada-la-canibal.jpg\" class=\"img-responsive wp-image-13245\" srcset=\"https:\/\/moskito.es\/wp-content\/uploads\/2025\/04\/mobiliari-sol-fusta-recuperada-la-canibal-200x133.jpg 200w, https:\/\/moskito.es\/wp-content\/uploads\/2025\/04\/mobiliari-sol-fusta-recuperada-la-canibal-400x267.jpg 400w, https:\/\/moskito.es\/wp-content\/uploads\/2025\/04\/mobiliari-sol-fusta-recuperada-la-canibal-600x400.jpg 600w, https:\/\/moskito.es\/wp-content\/uploads\/2025\/04\/mobiliari-sol-fusta-recuperada-la-canibal-800x534.jpg 800w, https:\/\/moskito.es\/wp-content\/uploads\/2025\/04\/mobiliari-sol-fusta-recuperada-la-canibal.jpg 1088w\" sizes=\"(max-width: 1024px) 100vw, (max-width: 640px) 100vw, 1088px\" \/><\/span><\/div><\/div><\/div><\/div><\/div><div class=\"fusion-fullwidth fullwidth-box fusion-builder-row-4 fusion-flex-container has-pattern-background has-mask-background nonhundred-percent-fullwidth non-hundred-percent-height-scrolling\" style=\"--awb-border-radius-top-left:0px;--awb-border-radius-top-right:0px;--awb-border-radius-bottom-right:0px;--awb-border-radius-bottom-left:0px;--awb-margin-top:40px;--awb-margin-bottom:40px;--awb-flex-wrap:wrap;\" ><div class=\"fusion-builder-row fusion-row fusion-flex-align-items-flex-start fusion-flex-content-wrap\" style=\"max-width:1190.8px;margin-left: calc(-4% \/ 2 );margin-right: calc(-4% \/ 2 );\"><div class=\"fusion-layout-column fusion_builder_column fusion-builder-column-4 fusion_builder_column_1_2 1_2 fusion-flex-column\" style=\"--awb-bg-size:cover;--awb-width-large:50%;--awb-margin-top-large:0px;--awb-spacing-right-large:3.84%;--awb-margin-bottom-large:0px;--awb-spacing-left-large:3.84%;--awb-width-medium:100%;--awb-spacing-right-medium:1.92%;--awb-spacing-left-medium:1.92%;--awb-width-small:100%;--awb-spacing-right-small:1.92%;--awb-spacing-left-small:1.92%;\"><div class=\"fusion-column-wrapper fusion-flex-justify-content-flex-start fusion-content-layout-column\"><div class=\"fusion-text fusion-text-6\"><h2>El proc\u00e9s: restauraci\u00f3 i adaptaci\u00f3<\/h2>\n<\/div><div class=\"fusion-separator fusion-full-width-sep\" style=\"align-self: center;margin-left: auto;margin-right: auto;margin-top:20px;width:100%;\"><div class=\"fusion-separator-border sep-double\" style=\"--awb-height:20px;--awb-amount:20px;border-color:#e0dede;border-top-width:0px;border-bottom-width:0px;\"><\/div><\/div><div class=\"fusion-text fusion-text-7\"><p>Tot comen\u00e7a seleccionant acuradament taules de f<strong>usta recuperada<\/strong> procedent d&#8217;antics edificis, en les quals la qualitat de la mat\u00e8ria primera \u00e9s excepcional. <strong>Cada pe\u00e7a \u00e9s restaurada de manera artesanal per a respectar les seves marques originals<\/strong>, eliminar possibles deterioracions i adaptar-la a les exig\u00e8ncies d&#8217;un \u00fas intensiu.<\/p>\n<p>El resultat \u00e9s un <strong>s\u00f2l c\u00e0lid, robust i absolutament \u00fanic,<\/strong> en el qual cada taula \u00e9s diferent de l&#8217;anterior, oferint una superf\u00edcie que respira hist\u00f2ria i personalitat.<\/p>\n<p>A m\u00e9s, \u00e9s tractat per a fer-ho m\u00e9s durador i senzill de mantenir, fonamental en un espai de restauraci\u00f3 on la neteja i la resist\u00e8ncia s\u00f3n imprescindibles.<\/p>\n<\/div><\/div><\/div><div class=\"fusion-layout-column fusion_builder_column fusion-builder-column-5 fusion_builder_column_1_2 1_2 fusion-flex-column\" style=\"--awb-bg-size:cover;--awb-width-large:50%;--awb-margin-top-large:0px;--awb-spacing-right-large:3.84%;--awb-margin-bottom-large:0px;--awb-spacing-left-large:3.84%;--awb-width-medium:100%;--awb-spacing-right-medium:1.92%;--awb-spacing-left-medium:1.92%;--awb-width-small:100%;--awb-spacing-right-small:1.92%;--awb-spacing-left-small:1.92%;\"><div class=\"fusion-column-wrapper fusion-flex-justify-content-flex-start fusion-content-layout-column\"><div class=\"fusion-text fusion-text-8\"><h2>El resultat: un s\u00f2l amb \u00e0nima que marca la difer\u00e8ncia<\/h2>\n<\/div><div class=\"fusion-separator fusion-full-width-sep\" style=\"align-self: center;margin-left: auto;margin-right: auto;margin-top:20px;width:100%;\"><div class=\"fusion-separator-border sep-double\" style=\"--awb-height:20px;--awb-amount:20px;border-color:#e0dede;border-top-width:0px;border-bottom-width:0px;\"><\/div><\/div><div class=\"fusion-text fusion-text-9\"><p>El <strong>s\u00f2l de fusta recuperada<\/strong> instal\u00b7lat en La Can\u00edbal aconsegueix transmetre una <strong>sensaci\u00f3 immediata de calidesa i autenticitat<\/strong> en travessar la porta. El joc de tonalitats naturals, les textures irregulars i les imperfeccions nobles del material creen un entorn acollidor i ple de matisos.<\/p>\n<p>Aquest tipus d&#8217;acabat no sols refor\u00e7a la identitat est\u00e8tica del restaurant, sin\u00f3 que tamb\u00e9 connecta emocionalment amb els seus clients, transmetent la idea que cada detall ha estat pensat i triat amb r<strong>especte per la tradici\u00f3 i l&#8217;entorn.<\/strong><\/p>\n<p>Per a Moskito Parquets formar part de projectes com el de La Can\u00edbal \u00e9s un orgull i una confirmaci\u00f3 que la fusta, quan es treballa amb passi\u00f3 i coneixement, \u00e9s capa\u00e7 de crear espais memorables.<\/p>\n<\/div><\/div><\/div><\/div><\/div><div class=\"fusion-fullwidth fullwidth-box fusion-builder-row-5 fusion-flex-container has-pattern-background has-mask-background nonhundred-percent-fullwidth non-hundred-percent-height-scrolling\" style=\"--awb-border-radius-top-left:0px;--awb-border-radius-top-right:0px;--awb-border-radius-bottom-right:0px;--awb-border-radius-bottom-left:0px;--awb-margin-top:40px;--awb-margin-bottom:40px;--awb-flex-wrap:wrap;\" ><div class=\"fusion-builder-row fusion-row fusion-flex-align-items-flex-start fusion-flex-content-wrap\" style=\"max-width:1190.8px;margin-left: calc(-4% \/ 2 );margin-right: calc(-4% \/ 2 );\"><div class=\"fusion-layout-column fusion_builder_column fusion-builder-column-6 fusion_builder_column_1_6 1_6 fusion-flex-column\" style=\"--awb-bg-size:cover;--awb-width-large:16.666666666667%;--awb-margin-top-large:20px;--awb-spacing-right-large:11.52%;--awb-margin-bottom-large:80px;--awb-spacing-left-large:15.36%;--awb-width-medium:100%;--awb-order-medium:0;--awb-spacing-right-medium:1.92%;--awb-spacing-left-medium:1.92%;--awb-width-small:100%;--awb-order-small:0;--awb-spacing-right-small:1.92%;--awb-spacing-left-small:1.92%;\" data-scroll-devices=\"small-visibility,medium-visibility,large-visibility\"><div class=\"fusion-column-wrapper fusion-column-has-shadow fusion-flex-justify-content-flex-start fusion-content-layout-column\"><\/div><\/div><div class=\"fusion-layout-column fusion_builder_column fusion-builder-column-7 fusion_builder_column_2_3 2_3 fusion-flex-column\" style=\"--awb-bg-size:cover;--awb-width-large:66.666666666667%;--awb-margin-top-large:20px;--awb-spacing-right-large:2.88%;--awb-margin-bottom-large:80px;--awb-spacing-left-large:3.84%;--awb-width-medium:100%;--awb-order-medium:0;--awb-spacing-right-medium:1.92%;--awb-spacing-left-medium:1.92%;--awb-width-small:100%;--awb-order-small:0;--awb-spacing-right-small:1.92%;--awb-spacing-left-small:1.92%;\" data-scroll-devices=\"small-visibility,medium-visibility,large-visibility\"><div class=\"fusion-column-wrapper fusion-column-has-shadow fusion-flex-justify-content-flex-start fusion-content-layout-column\"><div class=\"fusion-image-element\" style=\"--awb-caption-title-font-family:var(--h2_typography-font-family);--awb-caption-title-font-weight:var(--h2_typography-font-weight);--awb-caption-title-font-style:var(--h2_typography-font-style);--awb-caption-title-size:var(--h2_typography-font-size);--awb-caption-title-transform:var(--h2_typography-text-transform);--awb-caption-title-line-height:var(--h2_typography-line-height);--awb-caption-title-letter-spacing:var(--h2_typography-letter-spacing);\"><span class=\" fusion-imageframe imageframe-none imageframe-3 hover-type-none\"><a class=\"fusion-no-lightbox\" href=\"https:\/\/api.whatsapp.com\/send\/?phone=%2B34630240130&amp;text&amp;type=phone_number&amp;app_absent=0\" target=\"_blank\" aria-label=\"banner-whatsapp\" rel=\"noopener noreferrer\"><img decoding=\"async\" width=\"1920\" height=\"454\" src=\"https:\/\/moskito.es\/wp-content\/uploads\/2026\/06\/banner-whatsapp.jpg\" alt class=\"img-responsive wp-image-15636\" srcset=\"https:\/\/moskito.es\/wp-content\/uploads\/2026\/06\/banner-whatsapp-200x47.jpg 200w, https:\/\/moskito.es\/wp-content\/uploads\/2026\/06\/banner-whatsapp-400x95.jpg 400w, https:\/\/moskito.es\/wp-content\/uploads\/2026\/06\/banner-whatsapp-600x142.jpg 600w, https:\/\/moskito.es\/wp-content\/uploads\/2026\/06\/banner-whatsapp-800x189.jpg 800w, https:\/\/moskito.es\/wp-content\/uploads\/2026\/06\/banner-whatsapp-1200x284.jpg 1200w, https:\/\/moskito.es\/wp-content\/uploads\/2026\/06\/banner-whatsapp.jpg 1920w\" sizes=\"(max-width: 1024px) 100vw, (max-width: 640px) 100vw, 800px\" \/><\/a><\/span><\/div><\/div><\/div><div class=\"fusion-layout-column fusion_builder_column fusion-builder-column-8 fusion_builder_column_1_6 1_6 fusion-flex-column\" style=\"--awb-bg-size:cover;--awb-width-large:16.666666666667%;--awb-margin-top-large:20px;--awb-spacing-right-large:11.52%;--awb-margin-bottom-large:80px;--awb-spacing-left-large:15.36%;--awb-width-medium:100%;--awb-order-medium:0;--awb-spacing-right-medium:1.92%;--awb-spacing-left-medium:1.92%;--awb-width-small:100%;--awb-order-small:0;--awb-spacing-right-small:1.92%;--awb-spacing-left-small:1.92%;\" data-scroll-devices=\"small-visibility,medium-visibility,large-visibility\"><div class=\"fusion-column-wrapper fusion-column-has-shadow fusion-flex-justify-content-flex-start fusion-content-layout-column\"><\/div><\/div><div class=\"fusion-layout-column fusion_builder_column fusion-builder-column-9 fusion_builder_column_1_2 1_2 fusion-flex-column\" style=\"--awb-bg-size:cover;--awb-width-large:50%;--awb-margin-top-large:0px;--awb-spacing-right-large:3.84%;--awb-margin-bottom-large:20px;--awb-spacing-left-large:3.84%;--awb-width-medium:100%;--awb-order-medium:0;--awb-spacing-right-medium:1.92%;--awb-spacing-left-medium:1.92%;--awb-width-small:100%;--awb-order-small:0;--awb-spacing-right-small:1.92%;--awb-spacing-left-small:1.92%;\" data-scroll-devices=\"small-visibility,medium-visibility,large-visibility\"><div class=\"fusion-column-wrapper fusion-column-has-shadow fusion-flex-justify-content-flex-start fusion-content-layout-column\"><div class=\"fusion-image-element\" style=\"--awb-caption-title-font-family:var(--h2_typography-font-family);--awb-caption-title-font-weight:var(--h2_typography-font-weight);--awb-caption-title-font-style:var(--h2_typography-font-style);--awb-caption-title-size:var(--h2_typography-font-size);--awb-caption-title-transform:var(--h2_typography-text-transform);--awb-caption-title-line-height:var(--h2_typography-line-height);--awb-caption-title-letter-spacing:var(--h2_typography-letter-spacing);\"><span class=\" fusion-imageframe imageframe-none imageframe-4 hover-type-none\"><img decoding=\"async\" width=\"787\" height=\"1148\" alt=\"Vista del sal\u00f3 principal de La Can\u00edbal amb s\u00f2l de fusta recuperada\" title=\"Vista del sal\u00f3 principal de La Can\u00edbal amb s\u00f2l de fusta recuperada\" src=\"https:\/\/moskito.es\/wp-content\/uploads\/2025\/04\/salo-restaurant-la-canibal-sol-fusta.jpg\" class=\"img-responsive wp-image-13247\" srcset=\"https:\/\/moskito.es\/wp-content\/uploads\/2025\/04\/salo-restaurant-la-canibal-sol-fusta-200x292.jpg 200w, https:\/\/moskito.es\/wp-content\/uploads\/2025\/04\/salo-restaurant-la-canibal-sol-fusta-400x583.jpg 400w, https:\/\/moskito.es\/wp-content\/uploads\/2025\/04\/salo-restaurant-la-canibal-sol-fusta-600x875.jpg 600w, https:\/\/moskito.es\/wp-content\/uploads\/2025\/04\/salo-restaurant-la-canibal-sol-fusta.jpg 787w\" sizes=\"(max-width: 1024px) 100vw, (max-width: 640px) 100vw, 600px\" \/><\/span><\/div><\/div><\/div><div class=\"fusion-layout-column fusion_builder_column fusion-builder-column-10 fusion_builder_column_1_2 1_2 fusion-flex-column fusion-flex-align-self-stretch\" style=\"--awb-bg-size:cover;--awb-width-large:50%;--awb-margin-top-large:0px;--awb-spacing-right-large:3.84%;--awb-margin-bottom-large:20px;--awb-spacing-left-large:3.84%;--awb-width-medium:100%;--awb-order-medium:0;--awb-spacing-right-medium:1.92%;--awb-spacing-left-medium:1.92%;--awb-width-small:100%;--awb-order-small:0;--awb-spacing-right-small:1.92%;--awb-spacing-left-small:1.92%;\" data-scroll-devices=\"small-visibility,medium-visibility,large-visibility\"><div class=\"fusion-column-wrapper fusion-column-has-shadow fusion-flex-justify-content-flex-start fusion-content-layout-column\"><div class=\"fusion-image-element\" style=\"--awb-caption-title-font-family:var(--h2_typography-font-family);--awb-caption-title-font-weight:var(--h2_typography-font-weight);--awb-caption-title-font-style:var(--h2_typography-font-style);--awb-caption-title-size:var(--h2_typography-font-size);--awb-caption-title-transform:var(--h2_typography-text-transform);--awb-caption-title-line-height:var(--h2_typography-line-height);--awb-caption-title-letter-spacing:var(--h2_typography-letter-spacing);\"><span class=\" fusion-imageframe imageframe-none imageframe-5 hover-type-none\"><img decoding=\"async\" width=\"787\" height=\"1204\" alt=\"Primer pla de les vetes i textures de la fusta recuperada en La Can\u00edbal\" title=\"Primer pla de les vetes i textures de la fusta recuperada en La Can\u00edbal\" src=\"https:\/\/moskito.es\/wp-content\/uploads\/2025\/04\/detall-vetes-sol-fusta-recuperada.jpg\" class=\"img-responsive wp-image-13244\" srcset=\"https:\/\/moskito.es\/wp-content\/uploads\/2025\/04\/detall-vetes-sol-fusta-recuperada-200x306.jpg 200w, https:\/\/moskito.es\/wp-content\/uploads\/2025\/04\/detall-vetes-sol-fusta-recuperada-400x612.jpg 400w, https:\/\/moskito.es\/wp-content\/uploads\/2025\/04\/detall-vetes-sol-fusta-recuperada-600x918.jpg 600w, https:\/\/moskito.es\/wp-content\/uploads\/2025\/04\/detall-vetes-sol-fusta-recuperada.jpg 787w\" sizes=\"(max-width: 1024px) 100vw, (max-width: 640px) 100vw, 600px\" \/><\/span><\/div><\/div><\/div><div class=\"fusion-layout-column fusion_builder_column fusion-builder-column-11 fusion_builder_column_1_1 1_1 fusion-flex-column\" style=\"--awb-bg-size:cover;--awb-width-large:100%;--awb-margin-top-large:40px;--awb-spacing-right-large:1.92%;--awb-margin-bottom-large:20px;--awb-spacing-left-large:1.92%;--awb-width-medium:100%;--awb-order-medium:0;--awb-spacing-right-medium:1.92%;--awb-spacing-left-medium:1.92%;--awb-width-small:100%;--awb-order-small:0;--awb-spacing-right-small:1.92%;--awb-spacing-left-small:1.92%;\" data-scroll-devices=\"small-visibility,medium-visibility,large-visibility\"><div class=\"fusion-column-wrapper fusion-column-has-shadow fusion-flex-justify-content-flex-start fusion-content-layout-column\"><div class=\"fusion-text fusion-text-10\"><h2>Per qu\u00e8 triar s\u00f2ls de fusta recuperada per al teu projecte?<\/h2>\n<\/div><div class=\"fusion-separator fusion-full-width-sep\" style=\"align-self: center;margin-left: auto;margin-right: auto;margin-top:20px;width:100%;\"><div class=\"fusion-separator-border sep-double\" style=\"--awb-height:20px;--awb-amount:20px;border-color:#e0dede;border-top-width:0px;border-bottom-width:0px;\"><\/div><\/div><div class=\"fusion-text fusion-text-11\"><p>Si est\u00e0s plantejant-te utilitzar s<strong>\u00f2ls de fusta recuperada<\/strong> en el teu projecte d&#8217;interiorisme o reforma, aqu\u00ed et deixem algunes raons de pes:<\/p>\n<ul>\n<li><strong>Sostenibilitat:<\/strong> reutilitzar fusta evita la tala d&#8217;arbres i redueix la demanda de nous recursos naturals.<\/li>\n<li><strong>Durabilitat:<\/strong> la fusta recuperada sol procedir d&#8217;esp\u00e8cies d&#8217;alta densitat que han demostrat la seva resist\u00e8ncia durant d\u00e8cades o segles.<\/li>\n<li><strong>Bellesa \u00fanica:<\/strong> no hi ha dues peces iguals. Cada veta, nus o esquerda aporta un car\u00e0cter irrepetible.<\/li>\n<li><strong>Hist\u00f2ria:<\/strong> incorporar fusta amb passat afegeix un valor emocional i est\u00e8tic que el material nou no pot oferir.<\/li>\n<li><strong>Versatilitat:<\/strong> encara que l&#8217;est\u00e8tica r\u00fastica \u00e9s habitual, tamb\u00e9 podem adaptar la fusta recuperada a estils contemporanis o minimalistes.<\/li>\n<\/ul>\n<\/div><\/div><\/div><\/div><\/div><div class=\"fusion-fullwidth fullwidth-box fusion-builder-row-6 fusion-flex-container has-pattern-background has-mask-background nonhundred-percent-fullwidth non-hundred-percent-height-scrolling\" style=\"--awb-border-radius-top-left:0px;--awb-border-radius-top-right:0px;--awb-border-radius-bottom-right:0px;--awb-border-radius-bottom-left:0px;--awb-margin-top:0px;--awb-margin-bottom:40px;--awb-flex-wrap:wrap;\" ><div class=\"fusion-builder-row fusion-row fusion-flex-align-items-flex-start fusion-flex-content-wrap\" style=\"max-width:1190.8px;margin-left: calc(-4% \/ 2 );margin-right: calc(-4% \/ 2 );\"><div class=\"fusion-layout-column fusion_builder_column fusion-builder-column-12 fusion_builder_column_1_1 1_1 fusion-flex-column\" style=\"--awb-bg-size:cover;--awb-width-large:100%;--awb-margin-top-large:0px;--awb-spacing-right-large:1.92%;--awb-margin-bottom-large:0px;--awb-spacing-left-large:1.92%;--awb-width-medium:100%;--awb-spacing-right-medium:1.92%;--awb-spacing-left-medium:1.92%;--awb-width-small:100%;--awb-spacing-right-small:1.92%;--awb-spacing-left-small:1.92%;\"><div class=\"fusion-column-wrapper fusion-flex-justify-content-flex-start fusion-content-layout-column\"><div class=\"fusion-text fusion-text-12\"><h2>Inspira&#8217;t amb Restaura: dona vida a nous projectes amb hist\u00f2ria<\/h2>\n<\/div><div class=\"fusion-separator fusion-full-width-sep\" style=\"align-self: center;margin-left: auto;margin-right: auto;margin-top:20px;width:100%;\"><div class=\"fusion-separator-border sep-double\" style=\"--awb-height:20px;--awb-amount:20px;border-color:#e0dede;border-top-width:0px;border-bottom-width:0px;\"><\/div><\/div><div class=\"fusion-text fusion-text-13\"><p>La nostra <a href=\"https:\/\/moskito.es\/ca\/producte\/fusta-per-a-interiors\/restaura\/\"><u>col\u00b7lecci\u00f3 Moskito Restaura<\/u><\/a> \u00e9s un homenatge al valor de l&#8217;aut\u00e8ntic. Cada s\u00f2l que surt del nostre taller \u00e9s el resultat d&#8217;un proc\u00e9s de selecci\u00f3, recuperaci\u00f3 i restauraci\u00f3 acurat i respectu\u00f3s.<\/p>\n<p>Si somies amb un espai que transmeti autenticitat, que respiri naturalesa i que aposti per la sostenibilitat, la <strong>fusta recuperada<\/strong> pot ser l&#8217;aliada perfecta. Des d&#8217;habitatges particulars fins a locals comercials, restaurants o projectes contract, els s\u00f2ls Restaura aporten bellesa, calidesa i un missatge clar: el futur es construeix respectant el passat.<\/p>\n<\/div><\/div><\/div><\/div><\/div><div class=\"fusion-fullwidth fullwidth-box fusion-builder-row-7 fusion-flex-container has-pattern-background has-mask-background nonhundred-percent-fullwidth non-hundred-percent-height-scrolling\" style=\"--awb-border-radius-top-left:0px;--awb-border-radius-top-right:0px;--awb-border-radius-bottom-right:0px;--awb-border-radius-bottom-left:0px;--awb-padding-right:20px;--awb-padding-left:20px;--awb-background-color:var(--awb-color2);--awb-flex-wrap:wrap;\" ><div class=\"fusion-builder-row fusion-row fusion-flex-align-items-flex-start fusion-flex-content-wrap\" style=\"max-width:1190.8px;margin-left: calc(-4% \/ 2 );margin-right: calc(-4% \/ 2 );\"><div class=\"fusion-layout-column fusion_builder_column fusion-builder-column-13 fusion_builder_column_1_1 1_1 fusion-flex-column\" style=\"--awb-padding-top:40px;--awb-padding-right:40px;--awb-padding-bottom:40px;--awb-padding-left:40px;--awb-bg-size:cover;--awb-width-large:100%;--awb-margin-top-large:0px;--awb-spacing-right-large:1.92%;--awb-margin-bottom-large:0px;--awb-spacing-left-large:1.92%;--awb-width-medium:100%;--awb-order-medium:0;--awb-spacing-right-medium:1.92%;--awb-spacing-left-medium:1.92%;--awb-width-small:100%;--awb-order-small:0;--awb-spacing-right-small:1.92%;--awb-spacing-left-small:1.92%;\" data-scroll-devices=\"small-visibility,medium-visibility,large-visibility\"><div class=\"fusion-column-wrapper fusion-column-has-shadow fusion-flex-justify-content-flex-start fusion-content-layout-column\"><div class=\"fusion-text fusion-text-14\"><div><strong>T&#8217;agradaria saber com podr\u00edem ajudar-te a donar forma a la teva idea?<\/strong> Contacta amb el nostre equip i descobreix totes les possibilitats dels parquets per a interiors de Moskito Parquets<\/div>\n<div>\n<div>\n<p>T&#8217;esperem a <a href=\"https:\/\/moskito.es\/ca\/botiga-de-parquets-a-barcelona\/\"><u>Moskito Barcelona<\/u><\/a> per a con\u00e8ixer els diferents tipus i acabats de parquets en la nostra exposici\u00f3 permanent a Barcelona, al carrer Esgl\u00e9sia 4-10 de Barcelona.<\/p>\n<\/div>\n<\/div>\n<\/div><\/div><\/div><\/div><\/div><div class=\"fusion-fullwidth fullwidth-box fusion-builder-row-8 fusion-flex-container has-pattern-background has-mask-background nonhundred-percent-fullwidth non-hundred-percent-height-scrolling\" style=\"--awb-border-radius-top-left:0px;--awb-border-radius-top-right:0px;--awb-border-radius-bottom-right:0px;--awb-border-radius-bottom-left:0px;--awb-flex-wrap:wrap;\" ><div class=\"fusion-builder-row fusion-row fusion-flex-align-items-flex-start fusion-flex-content-wrap\" style=\"max-width:1190.8px;margin-left: calc(-4% \/ 2 );margin-right: calc(-4% \/ 2 );\"><div class=\"fusion-layout-column fusion_builder_column fusion-builder-column-14 fusion_builder_column_1_1 1_1 fusion-flex-column\" style=\"--awb-bg-size:cover;--awb-width-large:100%;--awb-margin-top-large:0px;--awb-spacing-right-large:1.92%;--awb-margin-bottom-large:20px;--awb-spacing-left-large:1.92%;--awb-width-medium:100%;--awb-order-medium:0;--awb-spacing-right-medium:1.92%;--awb-spacing-left-medium:1.92%;--awb-width-small:100%;--awb-order-small:0;--awb-spacing-right-small:1.92%;--awb-spacing-left-small:1.92%;\"><div class=\"fusion-column-wrapper fusion-column-has-shadow fusion-flex-justify-content-flex-start fusion-content-layout-column\"><div class=\"fusion-text fusion-text-15\"><p>Por\u00a0<strong><a title=\"Entrades de Xavi Font\" href=\"https:\/\/moskito.es\/ca\/xavi-font\/\" rel=\"author\">Xavi Font<\/a><\/strong><\/p>\n<\/div><\/div><\/div><\/div><\/div><\/p>\n","protected":false},"excerpt":{"rendered":"","protected":false},"author":2,"featured_media":13248,"comment_status":"closed","ping_status":"closed","sticky":false,"template":"","format":"standard","meta":{"footnotes":""},"categories":[76],"tags":[],"class_list":["post-8250","post","type-post","status-publish","format-standard","has-post-thumbnail","hentry","category-projecte"],"yoast_head":"<!-- This site is optimized with the Yoast SEO plugin v28.3 - https:\/\/yoast.com\/product\/yoast-seo-wordpress\/ -->\n<title>S\u00f2l de fusta recuperada en La Can\u00edbal | Moskito Parquets<\/title>\n<meta name=\"description\" content=\"Descubre c\u00f3mo La Can\u00edbal transform\u00f3 su espacio con un suelo de madera recuperada de la gama Restaura de Moskito Parquets. Historia, belleza y sostenibilidad.\" \/>\n<meta name=\"robots\" content=\"index, follow, max-snippet:-1, max-image-preview:large, max-video-preview:-1\" \/>\n<link rel=\"canonical\" href=\"https:\/\/moskito.es\/ca\/wp-json\/wp\/v2\/posts\/8250\" \/>\n<meta property=\"og:locale\" content=\"ca_ES\" \/>\n<meta property=\"og:type\" content=\"article\" \/>\n<meta property=\"og:title\" content=\"S\u00f2l de fusta recuperada en La Can\u00edbal | Moskito Parquets\" \/>\n<meta property=\"og:description\" content=\"Descubre c\u00f3mo La Can\u00edbal transform\u00f3 su espacio con un suelo de madera recuperada de la gama Restaura de Moskito Parquets. Historia, belleza y sostenibilidad.\" \/>\n<meta property=\"og:url\" content=\"https:\/\/moskito.es\/ca\/un-terra-de-fusta-recuperada-pel-restaurant-la-canibal\/\" \/>\n<meta property=\"og:site_name\" content=\"Moskito Parquets\" \/>\n<meta property=\"article:published_time\" content=\"2025-04-29T12:00:31+00:00\" \/>\n<meta property=\"article:modified_time\" content=\"2026-06-23T10:22:26+00:00\" \/>\n<meta property=\"og:image\" content=\"https:\/\/moskito.es\/wp-content\/uploads\/2025\/04\/sol-fusta-recuperada-moskito.jpg\" \/>\n\t<meta property=\"og:image:width\" content=\"1088\" \/>\n\t<meta property=\"og:image:height\" content=\"726\" \/>\n\t<meta property=\"og:image:type\" content=\"image\/jpeg\" \/>\n<meta name=\"author\" content=\"Xavi Font\" \/>\n<!-- \/ Yoast SEO plugin. -->","yoast_head_json":{"title":"S\u00f2l de fusta recuperada en La Can\u00edbal | Moskito Parquets","description":"Descubre c\u00f3mo La Can\u00edbal transform\u00f3 su espacio con un suelo de madera recuperada de la gama Restaura de Moskito Parquets. Historia, belleza y sostenibilidad.","robots":{"index":"index","follow":"follow","max-snippet":"max-snippet:-1","max-image-preview":"max-image-preview:large","max-video-preview":"max-video-preview:-1"},"canonical":"https:\/\/moskito.es\/ca\/wp-json\/wp\/v2\/posts\/8250","og_locale":"ca_ES","og_type":"article","og_title":"S\u00f2l de fusta recuperada en La Can\u00edbal | Moskito Parquets","og_description":"Descubre c\u00f3mo La Can\u00edbal transform\u00f3 su espacio con un suelo de madera recuperada de la gama Restaura de Moskito Parquets. Historia, belleza y sostenibilidad.","og_url":"https:\/\/moskito.es\/ca\/un-terra-de-fusta-recuperada-pel-restaurant-la-canibal\/","og_site_name":"Moskito Parquets","article_published_time":"2025-04-29T12:00:31+00:00","article_modified_time":"2026-06-23T10:22:26+00:00","og_image":[{"width":1088,"height":726,"url":"https:\/\/moskito.es\/wp-content\/uploads\/2025\/04\/sol-fusta-recuperada-moskito.jpg","type":"image\/jpeg"}],"author":"Xavi Font","schema":{"@context":"https:\/\/schema.org","@graph":[{"@type":"Article","@id":"https:\/\/moskito.es\/ca\/un-terra-de-fusta-recuperada-pel-restaurant-la-canibal\/#article","isPartOf":{"@id":"https:\/\/moskito.es\/ca\/un-terra-de-fusta-recuperada-pel-restaurant-la-canibal\/"},"author":{"name":"Xavi Font","@id":"https:\/\/moskito.es\/ca\/#\/schema\/person\/8e9130882b0c880c20c0bba26ea357d7"},"headline":"Un terra de fusta recuperada pel restaurant La Can\u00edbal","datePublished":"2025-04-29T12:00:31+00:00","dateModified":"2026-06-23T10:22:26+00:00","mainEntityOfPage":{"@id":"https:\/\/moskito.es\/ca\/un-terra-de-fusta-recuperada-pel-restaurant-la-canibal\/"},"wordCount":13089,"publisher":{"@id":"https:\/\/moskito.es\/ca\/#organization"},"image":{"@id":"https:\/\/moskito.es\/ca\/un-terra-de-fusta-recuperada-pel-restaurant-la-canibal\/#primaryimage"},"thumbnailUrl":"https:\/\/moskito.es\/wp-content\/uploads\/2025\/04\/sol-fusta-recuperada-moskito.jpg","articleSection":["Projecte"],"inLanguage":"ca"},{"@type":"WebPage","@id":"https:\/\/moskito.es\/ca\/un-terra-de-fusta-recuperada-pel-restaurant-la-canibal\/","url":"https:\/\/moskito.es\/ca\/un-terra-de-fusta-recuperada-pel-restaurant-la-canibal\/","name":"S\u00f2l de fusta recuperada en La Can\u00edbal | Moskito Parquets","isPartOf":{"@id":"https:\/\/moskito.es\/ca\/#website"},"primaryImageOfPage":{"@id":"https:\/\/moskito.es\/ca\/un-terra-de-fusta-recuperada-pel-restaurant-la-canibal\/#primaryimage"},"image":{"@id":"https:\/\/moskito.es\/ca\/un-terra-de-fusta-recuperada-pel-restaurant-la-canibal\/#primaryimage"},"thumbnailUrl":"https:\/\/moskito.es\/wp-content\/uploads\/2025\/04\/sol-fusta-recuperada-moskito.jpg","datePublished":"2025-04-29T12:00:31+00:00","dateModified":"2026-06-23T10:22:26+00:00","description":"Descubre c\u00f3mo La Can\u00edbal transform\u00f3 su espacio con un suelo de madera recuperada de la gama Restaura de Moskito Parquets. Historia, belleza y sostenibilidad.","breadcrumb":{"@id":"https:\/\/moskito.es\/ca\/un-terra-de-fusta-recuperada-pel-restaurant-la-canibal\/#breadcrumb"},"inLanguage":"ca","potentialAction":[{"@type":"ReadAction","target":["https:\/\/moskito.es\/ca\/un-terra-de-fusta-recuperada-pel-restaurant-la-canibal\/"]}]},{"@type":"ImageObject","inLanguage":"ca","@id":"https:\/\/moskito.es\/ca\/un-terra-de-fusta-recuperada-pel-restaurant-la-canibal\/#primaryimage","url":"https:\/\/moskito.es\/wp-content\/uploads\/2025\/04\/sol-fusta-recuperada-moskito.jpg","contentUrl":"https:\/\/moskito.es\/wp-content\/uploads\/2025\/04\/sol-fusta-recuperada-moskito.jpg","width":1088,"height":726,"caption":"S\u00f2ls de fusta recuperada de Parquets Moskito Barcelona en el Restaurant La Can\u00edbal de Madrid"},{"@type":"BreadcrumbList","@id":"https:\/\/moskito.es\/ca\/un-terra-de-fusta-recuperada-pel-restaurant-la-canibal\/#breadcrumb","itemListElement":[{"@type":"ListItem","position":1,"name":"Portada","item":"https:\/\/moskito.es\/ca\/"},{"@type":"ListItem","position":2,"name":"Un terra de fusta recuperada pel restaurant La Can\u00edbal"}]},{"@type":"WebSite","@id":"https:\/\/moskito.es\/ca\/#website","url":"https:\/\/moskito.es\/ca\/","name":"Parquets Moskito","description":"Los mejores parquets de Barcelona","publisher":{"@id":"https:\/\/moskito.es\/ca\/#organization"},"potentialAction":[{"@type":"SearchAction","target":{"@type":"EntryPoint","urlTemplate":"https:\/\/moskito.es\/ca\/?s={search_term_string}"},"query-input":{"@type":"PropertyValueSpecification","valueRequired":true,"valueName":"search_term_string"}}],"inLanguage":"ca"},{"@type":"Organization","@id":"https:\/\/moskito.es\/ca\/#organization","name":"Mokito","url":"https:\/\/moskito.es\/ca\/","logo":{"@type":"ImageObject","inLanguage":"ca","@id":"https:\/\/moskito.es\/ca\/#\/schema\/logo\/image\/","url":"https:\/\/moskito.es\/wp-content\/uploads\/2016\/04\/logotipo.png","contentUrl":"https:\/\/moskito.es\/wp-content\/uploads\/2016\/04\/logotipo.png","width":151,"height":58,"caption":"Mokito"},"image":{"@id":"https:\/\/moskito.es\/ca\/#\/schema\/logo\/image\/"}},{"@type":"Person","@id":"https:\/\/moskito.es\/ca\/#\/schema\/person\/8e9130882b0c880c20c0bba26ea357d7","name":"Xavi Font","image":{"@type":"ImageObject","inLanguage":"ca","@id":"https:\/\/secure.gravatar.com\/avatar\/4674fac1a7eac08347b1d703376900567caced8dd704c2987c78dc37f20890ee?s=96&d=mm&r=g","url":"https:\/\/secure.gravatar.com\/avatar\/4674fac1a7eac08347b1d703376900567caced8dd704c2987c78dc37f20890ee?s=96&d=mm&r=g","contentUrl":"https:\/\/secure.gravatar.com\/avatar\/4674fac1a7eac08347b1d703376900567caced8dd704c2987c78dc37f20890ee?s=96&d=mm&r=g","caption":"Xavi Font"},"description":"Artesano del parquet. M\u00e1s de 15 a\u00f1os de experiencia en el mundo del parquet. Miembro de la Asociaci\u00f3n Catalana de Industriales del Parquet (ACIP) y de la Federaci\u00f3n Espa\u00f1ola de Pavimentos de Madera (FEPM).","sameAs":["https:\/\/moskito.es\/xavi-font\/"]}]}},"_links":{"self":[{"href":"https:\/\/moskito.es\/ca\/wp-json\/wp\/v2\/posts\/8250","targetHints":{"allow":["GET"]}}],"collection":[{"href":"https:\/\/moskito.es\/ca\/wp-json\/wp\/v2\/posts"}],"about":[{"href":"https:\/\/moskito.es\/ca\/wp-json\/wp\/v2\/types\/post"}],"author":[{"embeddable":true,"href":"https:\/\/moskito.es\/ca\/wp-json\/wp\/v2\/users\/2"}],"replies":[{"embeddable":true,"href":"https:\/\/moskito.es\/ca\/wp-json\/wp\/v2\/comments?post=8250"}],"version-history":[{"count":20,"href":"https:\/\/moskito.es\/ca\/wp-json\/wp\/v2\/posts\/8250\/revisions"}],"predecessor-version":[{"id":15743,"href":"https:\/\/moskito.es\/ca\/wp-json\/wp\/v2\/posts\/8250\/revisions\/15743"}],"wp:featuredmedia":[{"embeddable":true,"href":"https:\/\/moskito.es\/ca\/wp-json\/wp\/v2\/media\/13248"}],"wp:attachment":[{"href":"https:\/\/moskito.es\/ca\/wp-json\/wp\/v2\/media?parent=8250"}],"wp:term":[{"taxonomy":"category","embeddable":true,"href":"https:\/\/moskito.es\/ca\/wp-json\/wp\/v2\/categories?post=8250"},{"taxonomy":"post_tag","embeddable":true,"href":"https:\/\/moskito.es\/ca\/wp-json\/wp\/v2\/tags?post=8250"}],"curies":[{"name":"wp","href":"https:\/\/api.w.org\/{rel}","templated":true}]}}