{"id":8259,"date":"2025-04-30T09:23:22","date_gmt":"2025-04-30T09:23:22","guid":{"rendered":"https:\/\/moskito.es\/?p=8259"},"modified":"2025-09-02T11:14:00","modified_gmt":"2025-09-02T11:14:00","slug":"una-reforma-estil-industrial-en-un-pis-tipic-de-leixample","status":"publish","type":"post","link":"https:\/\/moskito.es\/ca\/una-reforma-estil-industrial-en-un-pis-tipic-de-leixample\/","title":{"rendered":"Una reforma estil industrial en un pis t\u00edpic de l&#8217;Eixample"},"content":{"rendered":"<p><div class=\"fusion-fullwidth fullwidth-box fusion-builder-row-1 fusion-flex-container nonhundred-percent-fullwidth non-hundred-percent-height-scrolling\" style=\"--awb-border-radius-top-left:0px;--awb-border-radius-top-right:0px;--awb-border-radius-bottom-right:0px;--awb-border-radius-bottom-left:0px;--awb-flex-wrap:wrap;\" ><div class=\"fusion-builder-row fusion-row fusion-flex-align-items-flex-start fusion-flex-content-wrap\" style=\"max-width:1190.8px;margin-left: calc(-4% \/ 2 );margin-right: calc(-4% \/ 2 );\"><div class=\"fusion-layout-column fusion_builder_column fusion-builder-column-0 fusion_builder_column_1_1 1_1 fusion-flex-column\" style=\"--awb-bg-size:cover;--awb-width-large:100%;--awb-margin-top-large:0px;--awb-spacing-right-large:1.92%;--awb-margin-bottom-large:0px;--awb-spacing-left-large:1.92%;--awb-width-medium:100%;--awb-spacing-right-medium:1.92%;--awb-spacing-left-medium:1.92%;--awb-width-small:100%;--awb-spacing-right-small:1.92%;--awb-spacing-left-small:1.92%;\"><div class=\"fusion-column-wrapper fusion-flex-justify-content-flex-start fusion-content-layout-column\"><div class=\"fusion-text fusion-text-1\"><p>Reformar un pis en el cor de L\u2019Eixample, a Barcelona, sempre \u00e9s un projecte que exigeix sensibilitat i visi\u00f3. En aquesta ocasi\u00f3, la premissa era clara: transformar l&#8217;espai per a dotar-lo d&#8217;un <strong>aire industrial modern, elegant i acollidor<\/strong>, respectant la seva ubicaci\u00f3 privilegiada i adaptant-ho a un estil de vida contemporani.<\/p>\n<\/div><div class=\"fusion-separator fusion-full-width-sep\" style=\"align-self: center;margin-left: auto;margin-right: auto;flex-grow:10;margin-top:20px;width:100%;\"><div class=\"fusion-separator-border sep-double\" style=\"--awb-height:20px;--awb-amount:20px;border-color:#e0dede;border-top-width:0px;border-bottom-width:0px;\"><\/div><\/div><\/div><\/div><\/div><\/div><div class=\"fusion-fullwidth fullwidth-box fusion-builder-row-2 fusion-flex-container has-pattern-background has-mask-background nonhundred-percent-fullwidth non-hundred-percent-height-scrolling\" style=\"--awb-border-radius-top-left:0px;--awb-border-radius-top-right:0px;--awb-border-radius-bottom-right:0px;--awb-border-radius-bottom-left:0px;--awb-padding-bottom:20px;--awb-margin-bottom:20px;--awb-flex-wrap:wrap;\" ><div class=\"fusion-builder-row fusion-row fusion-flex-align-items-flex-start fusion-flex-content-wrap\" style=\"max-width:1190.8px;margin-left: calc(-4% \/ 2 );margin-right: calc(-4% \/ 2 );\"><div class=\"fusion-layout-column fusion_builder_column fusion-builder-column-1 fusion_builder_column_1_1 1_1 fusion-flex-column\" style=\"--awb-bg-size:cover;--awb-width-large:100%;--awb-margin-top-large:0px;--awb-spacing-right-large:1.92%;--awb-margin-bottom-large:0px;--awb-spacing-left-large:1.92%;--awb-width-medium:100%;--awb-spacing-right-medium:1.92%;--awb-spacing-left-medium:1.92%;--awb-width-small:100%;--awb-spacing-right-small:1.92%;--awb-spacing-left-small:1.92%;\"><div class=\"fusion-column-wrapper fusion-flex-justify-content-flex-start fusion-content-layout-column\"><div class=\"fusion-separator fusion-full-width-sep\" style=\"align-self: center;margin-left: auto;margin-right: auto;flex-grow:10;margin-top:20px;width:100%;\"><div class=\"fusion-separator-border sep-double\" style=\"--awb-height:20px;--awb-amount:20px;border-color:#e0dede;border-top-width:0px;border-bottom-width:0px;\"><\/div><\/div><div class=\"fusion-text fusion-text-2\"><h2>Una nova distribuci\u00f3 per a potenciar la llum<\/h2>\n<\/div><div class=\"fusion-separator fusion-full-width-sep\" style=\"align-self: center;margin-left: auto;margin-right: auto;flex-grow:10;margin-top:20px;width:100%;\"><div class=\"fusion-separator-border sep-double\" style=\"--awb-height:20px;--awb-amount:20px;border-color:#e0dede;border-top-width:0px;border-bottom-width:0px;\"><\/div><\/div><div class=\"fusion-text fusion-text-3\"><p>Un dels majors tresors dels pisos de l&#8217;Eixample \u00e9s la seva llum natural, gr\u00e0cies a l&#8217;orientaci\u00f3 dels seus patis de poma i els seus grans finestrals. Per aix\u00f2, una de les decisions principals va ser engrandir les estades, buscant una major <strong>sensaci\u00f3 d&#8217;amplitud i continu\u00eftat visual en tot el pis<\/strong>. Es va dur a terme una redistribuci\u00f3 intel\u00b7ligent que millora l&#8217;entrada de llum natural i adapta l&#8217;habitatge a una forma de vida m\u00e9s oberta i din\u00e0mica.<\/p>\n<p>La intervenci\u00f3 va permetre a m\u00e9s descobrir alguns elements originals com a parets de ma\u00f3 vist, que es van recuperar per a refor\u00e7ar el car\u00e0cter industrial del projecte.<\/p>\n<\/div><div class=\"fusion-image-element\" style=\"text-align:center;--awb-caption-title-font-family:var(--h2_typography-font-family);--awb-caption-title-font-weight:var(--h2_typography-font-weight);--awb-caption-title-font-style:var(--h2_typography-font-style);--awb-caption-title-size:var(--h2_typography-font-size);--awb-caption-title-transform:var(--h2_typography-text-transform);--awb-caption-title-line-height:var(--h2_typography-line-height);--awb-caption-title-letter-spacing:var(--h2_typography-letter-spacing);\"><span class=\" fusion-imageframe imageframe-none imageframe-1 hover-type-none\"><img decoding=\"async\" width=\"1067\" height=\"800\" alt=\"Detall de sal\u00f3 estil industrial amb parquet fumat\" title=\"Detall de sal\u00f3 estil industrial amb parquet fumat\" src=\"https:\/\/moskito.es\/wp-content\/uploads\/2018\/05\/reforma-eixample-parquet-roure-fumat-2.jpg\" class=\"img-responsive wp-image-13211\" srcset=\"https:\/\/moskito.es\/wp-content\/uploads\/2018\/05\/reforma-eixample-parquet-roure-fumat-2-200x150.jpg 200w, https:\/\/moskito.es\/wp-content\/uploads\/2018\/05\/reforma-eixample-parquet-roure-fumat-2-400x300.jpg 400w, https:\/\/moskito.es\/wp-content\/uploads\/2018\/05\/reforma-eixample-parquet-roure-fumat-2-600x450.jpg 600w, https:\/\/moskito.es\/wp-content\/uploads\/2018\/05\/reforma-eixample-parquet-roure-fumat-2-800x600.jpg 800w, https:\/\/moskito.es\/wp-content\/uploads\/2018\/05\/reforma-eixample-parquet-roure-fumat-2.jpg 1067w\" sizes=\"(max-width: 1024px) 100vw, (max-width: 640px) 100vw, 1067px\" \/><\/span><\/div><div class=\"fusion-separator fusion-full-width-sep\" style=\"align-self: center;margin-left: auto;margin-right: auto;flex-grow:10;margin-top:20px;width:100%;\"><div class=\"fusion-separator-border sep-double\" style=\"--awb-height:20px;--awb-amount:20px;border-color:#e0dede;border-top-width:0px;border-bottom-width:0px;\"><\/div><\/div><\/div><\/div><\/div><\/div><div class=\"fusion-fullwidth fullwidth-box fusion-builder-row-3 fusion-flex-container has-pattern-background has-mask-background nonhundred-percent-fullwidth non-hundred-percent-height-scrolling\" style=\"--awb-border-radius-top-left:0px;--awb-border-radius-top-right:0px;--awb-border-radius-bottom-right:0px;--awb-border-radius-bottom-left:0px;--awb-padding-top:20px;--awb-padding-bottom:20px;--awb-margin-top:20px;--awb-margin-bottom:20px;--awb-flex-wrap:wrap;\" ><div class=\"fusion-builder-row fusion-row fusion-flex-align-items-flex-start fusion-flex-content-wrap\" style=\"max-width:1190.8px;margin-left: calc(-4% \/ 2 );margin-right: calc(-4% \/ 2 );\"><div class=\"fusion-layout-column fusion_builder_column fusion-builder-column-2 fusion_builder_column_1_2 1_2 fusion-flex-column\" style=\"--awb-bg-size:cover;--awb-width-large:50%;--awb-margin-top-large:0px;--awb-spacing-right-large:3.84%;--awb-margin-bottom-large:0px;--awb-spacing-left-large:3.84%;--awb-width-medium:100%;--awb-spacing-right-medium:1.92%;--awb-spacing-left-medium:1.92%;--awb-width-small:100%;--awb-spacing-right-small:1.92%;--awb-spacing-left-small:1.92%;\"><div class=\"fusion-column-wrapper fusion-flex-justify-content-flex-start fusion-content-layout-column\"><div class=\"fusion-text fusion-text-4\"><h2>Materials nobles i estil industrial: una combinaci\u00f3 perfecta<\/h2>\n<\/div><div class=\"fusion-separator fusion-full-width-sep\" style=\"align-self: center;margin-left: auto;margin-right: auto;flex-grow:10;margin-top:20px;width:100%;\"><div class=\"fusion-separator-border sep-double\" style=\"--awb-height:20px;--awb-amount:20px;border-color:#e0dede;border-top-width:0px;border-bottom-width:0px;\"><\/div><\/div><div class=\"fusion-text fusion-text-5\"><p>L&#8217;estil industrial es defineix per materials aut\u00e8ntics i amb car\u00e0cter: ferro, fusta i ma\u00f3. En aquesta reforma, el di\u00e0leg entre materials va ser la clau per a trobar l&#8217;equilibri.<\/p>\n<p>La fusteria de ferro negre dibuixa les separacions d&#8217;ambients, mentre que les llumin\u00e0ries d&#8217;est\u00e8tica f\u00e0brica aporten una picada d&#8217;ullet urbana i desenfadada. Els mobles, de l\u00ednies pures i acabats naturals, completen un conjunt equilibrat i funcional.<\/p>\n<\/div><div class=\"fusion-separator fusion-full-width-sep\" style=\"align-self: center;margin-left: auto;margin-right: auto;flex-grow:10;margin-top:20px;width:100%;\"><div class=\"fusion-separator-border sep-double\" style=\"--awb-height:20px;--awb-amount:20px;border-color:#e0dede;border-top-width:0px;border-bottom-width:0px;\"><\/div><\/div><\/div><\/div><div class=\"fusion-layout-column fusion_builder_column fusion-builder-column-3 fusion_builder_column_1_2 1_2 fusion-flex-column\" style=\"--awb-bg-size:cover;--awb-width-large:50%;--awb-margin-top-large:0px;--awb-spacing-right-large:3.84%;--awb-margin-bottom-large:0px;--awb-spacing-left-large:3.84%;--awb-width-medium:100%;--awb-spacing-right-medium:1.92%;--awb-spacing-left-medium:1.92%;--awb-width-small:100%;--awb-spacing-right-small:1.92%;--awb-spacing-left-small:1.92%;\"><div class=\"fusion-column-wrapper fusion-flex-justify-content-flex-start fusion-content-layout-column\"><div class=\"fusion-separator fusion-full-width-sep\" style=\"align-self: center;margin-left: auto;margin-right: auto;flex-grow:10;margin-top:20px;width:100%;\"><div class=\"fusion-separator-border sep-double\" style=\"--awb-height:20px;--awb-amount:20px;border-color:#e0dede;border-top-width:0px;border-bottom-width:0px;\"><\/div><\/div><div class=\"fusion-image-element\" style=\"text-align:center;--awb-caption-title-font-family:var(--h2_typography-font-family);--awb-caption-title-font-weight:var(--h2_typography-font-weight);--awb-caption-title-font-style:var(--h2_typography-font-style);--awb-caption-title-size:var(--h2_typography-font-size);--awb-caption-title-transform:var(--h2_typography-text-transform);--awb-caption-title-line-height:var(--h2_typography-line-height);--awb-caption-title-letter-spacing:var(--h2_typography-letter-spacing);\"><span class=\" fusion-imageframe imageframe-none imageframe-2 hover-type-none\"><img decoding=\"async\" width=\"1067\" height=\"800\" alt=\"Passad\u00eds distribu\u00efdor parquet de roure natural blanc fumat\" title=\"Passad\u00eds distribu\u00efdor parquet de roure natural blanc fumat\" src=\"https:\/\/moskito.es\/wp-content\/uploads\/2018\/05\/reforma-eixample-parquet-roure-fumat-3.jpg\" class=\"img-responsive wp-image-13213\" srcset=\"https:\/\/moskito.es\/wp-content\/uploads\/2018\/05\/reforma-eixample-parquet-roure-fumat-3-200x150.jpg 200w, https:\/\/moskito.es\/wp-content\/uploads\/2018\/05\/reforma-eixample-parquet-roure-fumat-3-400x300.jpg 400w, https:\/\/moskito.es\/wp-content\/uploads\/2018\/05\/reforma-eixample-parquet-roure-fumat-3-600x450.jpg 600w, https:\/\/moskito.es\/wp-content\/uploads\/2018\/05\/reforma-eixample-parquet-roure-fumat-3-800x600.jpg 800w, https:\/\/moskito.es\/wp-content\/uploads\/2018\/05\/reforma-eixample-parquet-roure-fumat-3.jpg 1067w\" sizes=\"(max-width: 1024px) 100vw, (max-width: 640px) 100vw, 600px\" \/><\/span><\/div><div class=\"fusion-separator fusion-full-width-sep\" style=\"align-self: center;margin-left: auto;margin-right: auto;flex-grow:10;margin-top:20px;width:100%;\"><div class=\"fusion-separator-border sep-double\" style=\"--awb-height:20px;--awb-amount:20px;border-color:#e0dede;border-top-width:0px;border-bottom-width:0px;\"><\/div><\/div><\/div><\/div><\/div><\/div><div class=\"fusion-fullwidth fullwidth-box fusion-builder-row-4 fusion-flex-container has-pattern-background has-mask-background nonhundred-percent-fullwidth non-hundred-percent-height-scrolling\" style=\"--awb-border-radius-top-left:0px;--awb-border-radius-top-right:0px;--awb-border-radius-bottom-right:0px;--awb-border-radius-bottom-left:0px;--awb-padding-bottom:20px;--awb-margin-bottom:20px;--awb-flex-wrap:wrap;\" ><div class=\"fusion-builder-row fusion-row fusion-flex-align-items-flex-start fusion-flex-content-wrap\" style=\"max-width:1190.8px;margin-left: calc(-4% \/ 2 );margin-right: calc(-4% \/ 2 );\"><div class=\"fusion-layout-column fusion_builder_column fusion-builder-column-4 fusion_builder_column_1_1 1_1 fusion-flex-column\" style=\"--awb-bg-size:cover;--awb-width-large:100%;--awb-margin-top-large:0px;--awb-spacing-right-large:1.92%;--awb-margin-bottom-large:0px;--awb-spacing-left-large:1.92%;--awb-width-medium:100%;--awb-spacing-right-medium:1.92%;--awb-spacing-left-medium:1.92%;--awb-width-small:100%;--awb-spacing-right-small:1.92%;--awb-spacing-left-small:1.92%;\"><div class=\"fusion-column-wrapper fusion-flex-justify-content-flex-start fusion-content-layout-column\"><div class=\"fusion-text fusion-text-6\"><h2>La import\u00e0ncia del parquet en l&#8217;estil industrial c\u00e0lid<\/h2>\n<\/div><div class=\"fusion-separator fusion-full-width-sep\" style=\"align-self: center;margin-left: auto;margin-right: auto;flex-grow:10;margin-top:20px;width:100%;\"><div class=\"fusion-separator-border sep-double\" style=\"--awb-height:20px;--awb-amount:20px;border-color:#e0dede;border-top-width:0px;border-bottom-width:0px;\"><\/div><\/div><div class=\"fusion-text fusion-text-7\"><p>Dins de la selecci\u00f3 de materials, el paviment va jugar un paper protagonista. En aquest projecte concret, es va optar per un<strong> parquet de roure natural blanc fumat,<\/strong> una elecci\u00f3 que refor\u00e7a la sensaci\u00f3 d&#8217;amplitud i aporta una calidesa envolupant a totes les estades. Triar un bon parquet de fusta natural era essencial per a afegir la calidesa que requereix un estil industrial que no resulti fred o inh\u00f2spit.<\/p>\n<p>La <a href=\"https:\/\/moskito.es\/ca\/producte\/fusta-per-a-interiors\/natural\/\"><strong><u>col\u00b7lecci\u00f3 Moskito Natural<\/u><\/strong><\/a> ofereix opcions ideals per a aquesta mena de projectes, on es busquen matisos suaus, per\u00f2 amb personalitat. Alguns dels models que millor encaixen en aquesta est\u00e8tica s\u00f3n:<\/p>\n<p><a href=\"https:\/\/moskito.es\/ca\/producte\/fusta-per-a-interiors\/natural\/natural-2\/\"><u>Natural 2<\/u><\/a> &#8211; Marr\u00f3 Extra Blanc: un parquet de tons fumats molt subtils, perfecte per a potenciar la llum natural sense perdre car\u00e0cter.<br \/>\n<a href=\"https:\/\/moskito.es\/ca\/producte\/fusta-per-a-interiors\/natural\/natural-3\/\"><u>Natural 3<\/u><\/a> \u2013 Blanco Ahumado: amb una p\u00e0tina blanquinosa que suavitza el cl\u00e0ssic marr\u00f3 i aporta un aire contemporani.<br \/>\n<a href=\"https:\/\/moskito.es\/ca\/producte\/fusta-per-a-interiors\/natural\/natural-7\/\"><u>Natural 7<\/u><\/a> \u2013 Blanco Ahumado i Vern\u00eds mat: una opci\u00f3 d&#8217;acabat m\u00e9s natural que destaca per la seva eleg\u00e0ncia atemporal.<br \/>\nEls acabats fumats s\u00f3n tend\u00e8ncia en interiorisme i permeten crear ambients m\u00e9s sofisticats i acollidors, integrant-se a la perfecci\u00f3 en projectes d&#8217;inspiraci\u00f3 industrial.<\/p>\n<\/div><div class=\"fusion-separator fusion-full-width-sep\" style=\"align-self: center;margin-left: auto;margin-right: auto;flex-grow:10;margin-top:20px;width:100%;\"><div class=\"fusion-separator-border sep-double\" style=\"--awb-height:20px;--awb-amount:20px;border-color:#e0dede;border-top-width:0px;border-bottom-width:0px;\"><\/div><\/div><\/div><\/div><\/div><\/div><div class=\"fusion-fullwidth fullwidth-box fusion-builder-row-5 fusion-flex-container has-pattern-background has-mask-background nonhundred-percent-fullwidth non-hundred-percent-height-scrolling\" style=\"--awb-border-radius-top-left:0px;--awb-border-radius-top-right:0px;--awb-border-radius-bottom-right:0px;--awb-border-radius-bottom-left:0px;--awb-padding-bottom:20px;--awb-margin-bottom:20px;--awb-flex-wrap:wrap;\" ><div class=\"fusion-builder-row fusion-row fusion-flex-align-items-flex-start fusion-flex-content-wrap\" style=\"max-width:1190.8px;margin-left: calc(-4% \/ 2 );margin-right: calc(-4% \/ 2 );\"><div class=\"fusion-layout-column fusion_builder_column fusion-builder-column-5 fusion_builder_column_1_1 1_1 fusion-flex-column\" style=\"--awb-bg-size:cover;--awb-width-large:100%;--awb-margin-top-large:0px;--awb-spacing-right-large:1.92%;--awb-margin-bottom-large:0px;--awb-spacing-left-large:1.92%;--awb-width-medium:100%;--awb-spacing-right-medium:1.92%;--awb-spacing-left-medium:1.92%;--awb-width-small:100%;--awb-spacing-right-small:1.92%;--awb-spacing-left-small:1.92%;\"><div class=\"fusion-column-wrapper fusion-flex-justify-content-flex-start fusion-content-layout-column\"><div class=\"fusion-text fusion-text-8\"><h2>Qu\u00e8 \u00e9s un parquet de roure fumat<\/h2>\n<\/div><div class=\"fusion-separator fusion-full-width-sep\" style=\"align-self: center;margin-left: auto;margin-right: auto;flex-grow:10;margin-top:20px;width:100%;\"><div class=\"fusion-separator-border sep-double\" style=\"--awb-height:20px;--awb-amount:20px;border-color:#e0dede;border-top-width:0px;border-bottom-width:0px;\"><\/div><\/div><div class=\"fusion-text fusion-text-9\"><p>El parquet de roure fumat \u00e9s un tipus de <strong>s\u00f2l de fusta natural que se sotmet a un proc\u00e9s de fumat<\/strong>, tamb\u00e9 conegut com \u00absmoking\u00bb, per a modificar el seu color i real\u00e7ar els seus vetes. Durant aquest tractament, el roure s&#8217;exposa a vapors d&#8217;amon\u00edac, la qual cosa provoca una reacci\u00f3 qu\u00edmica natural que enfosqueix la fusta des de l&#8217;interior.<\/p>\n<p>Aquest proc\u00e9s no sols altera el color de manera profunda i duradora, sin\u00f3 que tamb\u00e9 <strong>ressalta les variacions naturals de la fusta<\/strong>, creant s\u00f2ls \u00fanics amb matisos rics i sofisticats. <strong>Els tons obtinguts poden variar des de grisos suaus fins a marrons profunds<\/strong>, aportant una est\u00e8tica molt valorada en projectes d&#8217;interiorisme contemporani i industrial.<\/p>\n<p>Entre els avantatges del parquet de roure fumat destaquen:<\/p>\n<ul>\n<li><strong>Aspecte natural i elegant:<\/strong> els tons fumats aporten profunditat i car\u00e0cter a qualsevol espiar<\/li>\n<li><strong>Major resist\u00e8ncia:<\/strong> el tractament de fumat millora lleugerament la durabilitat de la fusta.<\/li>\n<li><strong>Versatilitat decorativa:<\/strong> combina perfectament amb estils industrials, minimalistes i cl\u00e0ssics renovats.<\/li>\n<li><strong>Car\u00e0cter singular:<\/strong> cada l\u00e0mina t\u00e9 variacions \u00faniques, fent que cada s\u00f2l sigui exclusiu.<\/li>\n<\/ul>\n<\/div><div class=\"fusion-separator fusion-full-width-sep\" style=\"align-self: center;margin-left: auto;margin-right: auto;flex-grow:10;margin-top:20px;width:100%;\"><div class=\"fusion-separator-border sep-double\" style=\"--awb-height:20px;--awb-amount:20px;border-color:#e0dede;border-top-width:0px;border-bottom-width:0px;\"><\/div><\/div><div class=\"fusion-image-element\" style=\"text-align:center;--awb-caption-title-font-family:var(--h2_typography-font-family);--awb-caption-title-font-weight:var(--h2_typography-font-weight);--awb-caption-title-font-style:var(--h2_typography-font-style);--awb-caption-title-size:var(--h2_typography-font-size);--awb-caption-title-transform:var(--h2_typography-text-transform);--awb-caption-title-line-height:var(--h2_typography-line-height);--awb-caption-title-letter-spacing:var(--h2_typography-letter-spacing);\"><span class=\" fusion-imageframe imageframe-none imageframe-3 hover-type-none\"><img decoding=\"async\" width=\"1067\" height=\"800\" alt=\"Detalli sal\u00f3 en pis reformat amb parquet estil industrial\" title=\"Detalli sal\u00f3 en pis reformat amb parquet estil industrial\" src=\"https:\/\/moskito.es\/wp-content\/uploads\/2018\/05\/reforma-eixample-parquet-roure-fumat.jpg\" class=\"img-responsive wp-image-13212\" srcset=\"https:\/\/moskito.es\/wp-content\/uploads\/2018\/05\/reforma-eixample-parquet-roure-fumat-200x150.jpg 200w, https:\/\/moskito.es\/wp-content\/uploads\/2018\/05\/reforma-eixample-parquet-roure-fumat-400x300.jpg 400w, https:\/\/moskito.es\/wp-content\/uploads\/2018\/05\/reforma-eixample-parquet-roure-fumat-600x450.jpg 600w, https:\/\/moskito.es\/wp-content\/uploads\/2018\/05\/reforma-eixample-parquet-roure-fumat-800x600.jpg 800w, https:\/\/moskito.es\/wp-content\/uploads\/2018\/05\/reforma-eixample-parquet-roure-fumat.jpg 1067w\" sizes=\"(max-width: 1024px) 100vw, (max-width: 640px) 100vw, 1067px\" \/><\/span><\/div><\/div><\/div><\/div><\/div><div class=\"fusion-fullwidth fullwidth-box fusion-builder-row-6 fusion-flex-container has-pattern-background has-mask-background nonhundred-percent-fullwidth non-hundred-percent-height-scrolling\" style=\"--awb-border-radius-top-left:0px;--awb-border-radius-top-right:0px;--awb-border-radius-bottom-right:0px;--awb-border-radius-bottom-left:0px;--awb-padding-bottom:20px;--awb-margin-bottom:20px;--awb-flex-wrap:wrap;\" ><div class=\"fusion-builder-row fusion-row fusion-flex-align-items-flex-start fusion-flex-content-wrap\" style=\"max-width:1190.8px;margin-left: calc(-4% \/ 2 );margin-right: calc(-4% \/ 2 );\"><div class=\"fusion-layout-column fusion_builder_column fusion-builder-column-6 fusion_builder_column_1_1 1_1 fusion-flex-column\" style=\"--awb-bg-size:cover;--awb-width-large:100%;--awb-margin-top-large:0px;--awb-spacing-right-large:1.92%;--awb-margin-bottom-large:0px;--awb-spacing-left-large:1.92%;--awb-width-medium:100%;--awb-spacing-right-medium:1.92%;--awb-spacing-left-medium:1.92%;--awb-width-small:100%;--awb-spacing-right-small:1.92%;--awb-spacing-left-small:1.92%;\"><div class=\"fusion-column-wrapper fusion-flex-justify-content-flex-start fusion-content-layout-column\"><div class=\"fusion-separator fusion-full-width-sep\" style=\"align-self: center;margin-left: auto;margin-right: auto;flex-grow:10;margin-top:20px;width:100%;\"><div class=\"fusion-separator-border sep-double\" style=\"--awb-height:20px;--awb-amount:20px;border-color:#e0dede;border-top-width:0px;border-bottom-width:0px;\"><\/div><\/div><div class=\"fusion-text fusion-text-10\"><h2>Detalls que enriqueixen el projecte<\/h2>\n<\/div><div class=\"fusion-separator fusion-full-width-sep\" style=\"align-self: center;margin-left: auto;margin-right: auto;flex-grow:10;margin-top:20px;width:100%;\"><div class=\"fusion-separator-border sep-double\" style=\"--awb-height:20px;--awb-amount:20px;border-color:#e0dede;border-top-width:0px;border-bottom-width:0px;\"><\/div><\/div><div class=\"fusion-text fusion-text-11\"><p>M\u00e9s enll\u00e0 del s\u00f2l, altres detalls completen aquesta reforma industrial: els perfils negres de les portes, els radiadors de ferro colat restaurats, i una paleta crom\u00e0tica que juga amb neutres, negre, marrons suaus i blanc trencat.<\/p>\n<p><strong>L&#8217;\u00fas de parquet natural com a fil conductor<\/strong> refor\u00e7a la sensaci\u00f3 de llar, connectant totes les estades amb una calidesa cont\u00ednua.<\/p>\n<\/div><div class=\"fusion-separator fusion-full-width-sep\" style=\"align-self: center;margin-left: auto;margin-right: auto;flex-grow:10;margin-top:20px;width:100%;\"><div class=\"fusion-separator-border sep-double\" style=\"--awb-height:20px;--awb-amount:20px;border-color:#e0dede;border-top-width:0px;border-bottom-width:0px;\"><\/div><\/div><\/div><\/div><\/div><\/div><div class=\"fusion-fullwidth fullwidth-box fusion-builder-row-7 fusion-flex-container has-pattern-background has-mask-background nonhundred-percent-fullwidth non-hundred-percent-height-scrolling\" style=\"--awb-border-radius-top-left:0px;--awb-border-radius-top-right:0px;--awb-border-radius-bottom-right:0px;--awb-border-radius-bottom-left:0px;--awb-padding-right:20px;--awb-padding-left:20px;--awb-background-color:var(--awb-color2);--awb-flex-wrap:wrap;\" ><div class=\"fusion-builder-row fusion-row fusion-flex-align-items-flex-start fusion-flex-content-wrap\" style=\"max-width:1190.8px;margin-left: calc(-4% \/ 2 );margin-right: calc(-4% \/ 2 );\"><div class=\"fusion-layout-column fusion_builder_column fusion-builder-column-7 fusion_builder_column_1_1 1_1 fusion-flex-column\" style=\"--awb-padding-top:40px;--awb-padding-right:40px;--awb-padding-bottom:40px;--awb-padding-left:40px;--awb-bg-size:cover;--awb-width-large:100%;--awb-margin-top-large:0px;--awb-spacing-right-large:1.92%;--awb-margin-bottom-large:0px;--awb-spacing-left-large:1.92%;--awb-width-medium:100%;--awb-order-medium:0;--awb-spacing-right-medium:1.92%;--awb-spacing-left-medium:1.92%;--awb-width-small:100%;--awb-order-small:0;--awb-spacing-right-small:1.92%;--awb-spacing-left-small:1.92%;\" data-scroll-devices=\"small-visibility,medium-visibility,large-visibility\"><div class=\"fusion-column-wrapper fusion-column-has-shadow fusion-flex-justify-content-flex-start fusion-content-layout-column\"><div class=\"fusion-text fusion-text-12\"><p><strong>Si est\u00e0s buscant parquet per a la teva reforma o projecte d&#8217;interiorisme<\/strong>, descobreix la col\u00b7lecci\u00f3 completa de fustes d&#8217;alta qualitat de Moskito, on trobar\u00e0s m\u00faltiples opcions, perfectes per a donar vida a qualsevol espai. <strong><a href=\"https:\/\/moskito.es\/ca\/botiga-de-parquets-a-barcelona\/\"><u>Visita&#8217;ns en MoskitoBarcelona<\/u><\/a><\/strong> i descobreix totes aquestes possibilitats. El nostre showroom est\u00e0 en ple barri de Gr\u00e0cia a Barcelona i disposem de p\u00e0rquing per als nostres clients.<\/p>\n<\/div><\/div><\/div><\/div><\/div><div class=\"fusion-fullwidth fullwidth-box fusion-builder-row-8 fusion-flex-container has-pattern-background has-mask-background nonhundred-percent-fullwidth non-hundred-percent-height-scrolling\" style=\"--awb-border-radius-top-left:0px;--awb-border-radius-top-right:0px;--awb-border-radius-bottom-right:0px;--awb-border-radius-bottom-left:0px;--awb-flex-wrap:wrap;\" ><div class=\"fusion-builder-row fusion-row fusion-flex-align-items-flex-start fusion-flex-content-wrap\" style=\"max-width:1190.8px;margin-left: calc(-4% \/ 2 );margin-right: calc(-4% \/ 2 );\"><div class=\"fusion-layout-column fusion_builder_column fusion-builder-column-8 fusion_builder_column_1_1 1_1 fusion-flex-column\" style=\"--awb-bg-size:cover;--awb-width-large:100%;--awb-margin-top-large:0px;--awb-spacing-right-large:1.92%;--awb-margin-bottom-large:20px;--awb-spacing-left-large:1.92%;--awb-width-medium:100%;--awb-order-medium:0;--awb-spacing-right-medium:1.92%;--awb-spacing-left-medium:1.92%;--awb-width-small:100%;--awb-order-small:0;--awb-spacing-right-small:1.92%;--awb-spacing-left-small:1.92%;\"><div class=\"fusion-column-wrapper fusion-column-has-shadow fusion-flex-justify-content-flex-start fusion-content-layout-column\"><div class=\"fusion-text fusion-text-13\"><p>Per <strong><a title=\"Entrades de Xavi Font\" href=\"https:\/\/moskito.es\/ca\/xavi-font\/\" rel=\"author\">Xavi Font<\/a><\/strong><\/p>\n<\/div><\/div><\/div><\/div><\/div><\/p>\n","protected":false},"excerpt":{"rendered":"","protected":false},"author":2,"featured_media":13210,"comment_status":"closed","ping_status":"closed","sticky":false,"template":"","format":"standard","meta":{"footnotes":""},"categories":[76],"tags":[],"class_list":["post-8259","post","type-post","status-publish","format-standard","has-post-thumbnail","hentry","category-projecte"],"yoast_head":"<!-- This site is optimized with the Yoast SEO plugin v28.3 - https:\/\/yoast.com\/product\/yoast-seo-wordpress\/ -->\n<title>Reforma estil industrial en L\u2019Eixample amb parquet fumat blanc<\/title>\n<meta name=\"description\" content=\"Reforma d&#039;un pis en L\u2019Eixample amb parquet de roure natural blanc fumat. Estil industrial c\u00e0lid, materials nobles i m\u00e0xima sensaci\u00f3 d&#039;amplitud.\" \/>\n<meta name=\"robots\" content=\"index, follow, max-snippet:-1, max-image-preview:large, max-video-preview:-1\" \/>\n<link rel=\"canonical\" href=\"https:\/\/moskito.es\/ca\/wp-json\/wp\/v2\/posts\/8259\" \/>\n<meta property=\"og:locale\" content=\"ca_ES\" \/>\n<meta property=\"og:type\" content=\"article\" \/>\n<meta property=\"og:title\" content=\"Reforma estil industrial en L\u2019Eixample amb parquet fumat blanc\" \/>\n<meta property=\"og:description\" content=\"Reforma d&#039;un pis en L\u2019Eixample amb parquet de roure natural blanc fumat. Estil industrial c\u00e0lid, materials nobles i m\u00e0xima sensaci\u00f3 d&#039;amplitud.\" \/>\n<meta property=\"og:url\" content=\"https:\/\/moskito.es\/ca\/una-reforma-estil-industrial-en-un-pis-tipic-de-leixample\/\" \/>\n<meta property=\"og:site_name\" content=\"Moskito Parquets\" \/>\n<meta property=\"article:published_time\" content=\"2025-04-30T09:23:22+00:00\" \/>\n<meta property=\"article:modified_time\" content=\"2025-09-02T11:14:00+00:00\" \/>\n<meta property=\"og:image\" content=\"https:\/\/moskito.es\/wp-content\/uploads\/2018\/05\/reforma-eixample-parquet-roure-fumat4.jpg\" \/>\n\t<meta property=\"og:image:width\" content=\"1088\" \/>\n\t<meta property=\"og:image:height\" content=\"726\" \/>\n\t<meta property=\"og:image:type\" content=\"image\/jpeg\" \/>\n<meta name=\"author\" content=\"Xavi Font\" \/>\n<!-- \/ Yoast SEO plugin. -->","yoast_head_json":{"title":"Reforma estil industrial en L\u2019Eixample amb parquet fumat blanc","description":"Reforma d'un pis en L\u2019Eixample amb parquet de roure natural blanc fumat. Estil industrial c\u00e0lid, materials nobles i m\u00e0xima sensaci\u00f3 d'amplitud.","robots":{"index":"index","follow":"follow","max-snippet":"max-snippet:-1","max-image-preview":"max-image-preview:large","max-video-preview":"max-video-preview:-1"},"canonical":"https:\/\/moskito.es\/ca\/wp-json\/wp\/v2\/posts\/8259","og_locale":"ca_ES","og_type":"article","og_title":"Reforma estil industrial en L\u2019Eixample amb parquet fumat blanc","og_description":"Reforma d'un pis en L\u2019Eixample amb parquet de roure natural blanc fumat. Estil industrial c\u00e0lid, materials nobles i m\u00e0xima sensaci\u00f3 d'amplitud.","og_url":"https:\/\/moskito.es\/ca\/una-reforma-estil-industrial-en-un-pis-tipic-de-leixample\/","og_site_name":"Moskito Parquets","article_published_time":"2025-04-30T09:23:22+00:00","article_modified_time":"2025-09-02T11:14:00+00:00","og_image":[{"width":1088,"height":726,"url":"https:\/\/moskito.es\/wp-content\/uploads\/2018\/05\/reforma-eixample-parquet-roure-fumat4.jpg","type":"image\/jpeg"}],"author":"Xavi Font","schema":{"@context":"https:\/\/schema.org","@graph":[{"@type":"Article","@id":"https:\/\/moskito.es\/ca\/una-reforma-estil-industrial-en-un-pis-tipic-de-leixample\/#article","isPartOf":{"@id":"https:\/\/moskito.es\/ca\/una-reforma-estil-industrial-en-un-pis-tipic-de-leixample\/"},"author":{"name":"Xavi Font","@id":"https:\/\/moskito.es\/ca\/#\/schema\/person\/8e9130882b0c880c20c0bba26ea357d7"},"headline":"Una reforma estil industrial en un pis t\u00edpic de l&#8217;Eixample","datePublished":"2025-04-30T09:23:22+00:00","dateModified":"2025-09-02T11:14:00+00:00","mainEntityOfPage":{"@id":"https:\/\/moskito.es\/ca\/una-reforma-estil-industrial-en-un-pis-tipic-de-leixample\/"},"wordCount":8832,"publisher":{"@id":"https:\/\/moskito.es\/ca\/#organization"},"image":{"@id":"https:\/\/moskito.es\/ca\/una-reforma-estil-industrial-en-un-pis-tipic-de-leixample\/#primaryimage"},"thumbnailUrl":"https:\/\/moskito.es\/wp-content\/uploads\/2018\/05\/reforma-eixample-parquet-roure-fumat4.jpg","articleSection":["Projecte"],"inLanguage":"ca"},{"@type":"WebPage","@id":"https:\/\/moskito.es\/ca\/una-reforma-estil-industrial-en-un-pis-tipic-de-leixample\/","url":"https:\/\/moskito.es\/ca\/una-reforma-estil-industrial-en-un-pis-tipic-de-leixample\/","name":"Reforma estil industrial en L\u2019Eixample amb parquet fumat blanc","isPartOf":{"@id":"https:\/\/moskito.es\/ca\/#website"},"primaryImageOfPage":{"@id":"https:\/\/moskito.es\/ca\/una-reforma-estil-industrial-en-un-pis-tipic-de-leixample\/#primaryimage"},"image":{"@id":"https:\/\/moskito.es\/ca\/una-reforma-estil-industrial-en-un-pis-tipic-de-leixample\/#primaryimage"},"thumbnailUrl":"https:\/\/moskito.es\/wp-content\/uploads\/2018\/05\/reforma-eixample-parquet-roure-fumat4.jpg","datePublished":"2025-04-30T09:23:22+00:00","dateModified":"2025-09-02T11:14:00+00:00","description":"Reforma d'un pis en L\u2019Eixample amb parquet de roure natural blanc fumat. Estil industrial c\u00e0lid, materials nobles i m\u00e0xima sensaci\u00f3 d'amplitud.","breadcrumb":{"@id":"https:\/\/moskito.es\/ca\/una-reforma-estil-industrial-en-un-pis-tipic-de-leixample\/#breadcrumb"},"inLanguage":"ca","potentialAction":[{"@type":"ReadAction","target":["https:\/\/moskito.es\/ca\/una-reforma-estil-industrial-en-un-pis-tipic-de-leixample\/"]}]},{"@type":"ImageObject","inLanguage":"ca","@id":"https:\/\/moskito.es\/ca\/una-reforma-estil-industrial-en-un-pis-tipic-de-leixample\/#primaryimage","url":"https:\/\/moskito.es\/wp-content\/uploads\/2018\/05\/reforma-eixample-parquet-roure-fumat4.jpg","contentUrl":"https:\/\/moskito.es\/wp-content\/uploads\/2018\/05\/reforma-eixample-parquet-roure-fumat4.jpg","width":1088,"height":726,"caption":"Moskito Parquet Barcelona, instal\u00b7laci\u00f3 de s\u00f2l de fusta en pis de l'Eixample de Barcelona"},{"@type":"BreadcrumbList","@id":"https:\/\/moskito.es\/ca\/una-reforma-estil-industrial-en-un-pis-tipic-de-leixample\/#breadcrumb","itemListElement":[{"@type":"ListItem","position":1,"name":"Portada","item":"https:\/\/moskito.es\/ca\/"},{"@type":"ListItem","position":2,"name":"Una reforma estil industrial en un pis t\u00edpic de l&#8217;Eixample"}]},{"@type":"WebSite","@id":"https:\/\/moskito.es\/ca\/#website","url":"https:\/\/moskito.es\/ca\/","name":"Parquets Moskito","description":"Los mejores parquets de Barcelona","publisher":{"@id":"https:\/\/moskito.es\/ca\/#organization"},"potentialAction":[{"@type":"SearchAction","target":{"@type":"EntryPoint","urlTemplate":"https:\/\/moskito.es\/ca\/?s={search_term_string}"},"query-input":{"@type":"PropertyValueSpecification","valueRequired":true,"valueName":"search_term_string"}}],"inLanguage":"ca"},{"@type":"Organization","@id":"https:\/\/moskito.es\/ca\/#organization","name":"Mokito","url":"https:\/\/moskito.es\/ca\/","logo":{"@type":"ImageObject","inLanguage":"ca","@id":"https:\/\/moskito.es\/ca\/#\/schema\/logo\/image\/","url":"https:\/\/moskito.es\/wp-content\/uploads\/2016\/04\/logotipo.png","contentUrl":"https:\/\/moskito.es\/wp-content\/uploads\/2016\/04\/logotipo.png","width":151,"height":58,"caption":"Mokito"},"image":{"@id":"https:\/\/moskito.es\/ca\/#\/schema\/logo\/image\/"}},{"@type":"Person","@id":"https:\/\/moskito.es\/ca\/#\/schema\/person\/8e9130882b0c880c20c0bba26ea357d7","name":"Xavi Font","image":{"@type":"ImageObject","inLanguage":"ca","@id":"https:\/\/secure.gravatar.com\/avatar\/4674fac1a7eac08347b1d703376900567caced8dd704c2987c78dc37f20890ee?s=96&d=mm&r=g","url":"https:\/\/secure.gravatar.com\/avatar\/4674fac1a7eac08347b1d703376900567caced8dd704c2987c78dc37f20890ee?s=96&d=mm&r=g","contentUrl":"https:\/\/secure.gravatar.com\/avatar\/4674fac1a7eac08347b1d703376900567caced8dd704c2987c78dc37f20890ee?s=96&d=mm&r=g","caption":"Xavi Font"},"description":"Artesano del parquet. M\u00e1s de 15 a\u00f1os de experiencia en el mundo del parquet. Miembro de la Asociaci\u00f3n Catalana de Industriales del Parquet (ACIP) y de la Federaci\u00f3n Espa\u00f1ola de Pavimentos de Madera (FEPM).","sameAs":["https:\/\/moskito.es\/xavi-font\/"]}]}},"_links":{"self":[{"href":"https:\/\/moskito.es\/ca\/wp-json\/wp\/v2\/posts\/8259","targetHints":{"allow":["GET"]}}],"collection":[{"href":"https:\/\/moskito.es\/ca\/wp-json\/wp\/v2\/posts"}],"about":[{"href":"https:\/\/moskito.es\/ca\/wp-json\/wp\/v2\/types\/post"}],"author":[{"embeddable":true,"href":"https:\/\/moskito.es\/ca\/wp-json\/wp\/v2\/users\/2"}],"replies":[{"embeddable":true,"href":"https:\/\/moskito.es\/ca\/wp-json\/wp\/v2\/comments?post=8259"}],"version-history":[{"count":14,"href":"https:\/\/moskito.es\/ca\/wp-json\/wp\/v2\/posts\/8259\/revisions"}],"predecessor-version":[{"id":13229,"href":"https:\/\/moskito.es\/ca\/wp-json\/wp\/v2\/posts\/8259\/revisions\/13229"}],"wp:featuredmedia":[{"embeddable":true,"href":"https:\/\/moskito.es\/ca\/wp-json\/wp\/v2\/media\/13210"}],"wp:attachment":[{"href":"https:\/\/moskito.es\/ca\/wp-json\/wp\/v2\/media?parent=8259"}],"wp:term":[{"taxonomy":"category","embeddable":true,"href":"https:\/\/moskito.es\/ca\/wp-json\/wp\/v2\/categories?post=8259"},{"taxonomy":"post_tag","embeddable":true,"href":"https:\/\/moskito.es\/ca\/wp-json\/wp\/v2\/tags?post=8259"}],"curies":[{"name":"wp","href":"https:\/\/api.w.org\/{rel}","templated":true}]}}